{"id":2840,"date":"2023-05-15T14:42:48","date_gmt":"2023-05-15T14:42:48","guid":{"rendered":"https:\/\/campobadajoz.es\/aeceriber-bekraeftigt-dass-spanien-nicht-auf-den-verzehr-von-iberischem-schinken-verzichten-wird\/"},"modified":"2023-05-15T14:42:48","modified_gmt":"2023-05-15T14:42:48","slug":"aeceriber-bekraeftigt-dass-spanien-nicht-auf-den-verzehr-von-iberischem-schinken-verzichten-wird","status":"publish","type":"post","link":"https:\/\/campobadajoz.es\/de\/aeceriber-bekraeftigt-dass-spanien-nicht-auf-den-verzehr-von-iberischem-schinken-verzichten-wird\/","title":{"rendered":"Aeceriber bekr\u00e4ftigt, dass Spanien nicht auf den Verzehr von iberischem Schinken verzichten wird"},"content":{"rendered":"<p>In den letzten Monaten gab es Spekulationen, dass die Produktion von iberischem Schinken aufgrund verschiedener Faktoren wie Rohstoffmangel und klimatischen Bedingungen beeintr\u00e4chtigt werden k\u00f6nnte. Aeceriber hat sich jedoch gegen diese Bedenken ausgesprochen, um die Liebhaber des iberischen Schinkens im ganzen Land zu beruhigen.<\/p>\n<p>Der Erkl\u00e4rung zufolge arbeitet Aeceriber eng mit den Erzeugern und Z\u00fcchtern iberischer Schweine zusammen, um eine konstante Versorgung mit hochwertigem iberischem Schinken zu gew\u00e4hrleisten. Sie haben Ma\u00dfnahmen ergriffen, um die Lieferkette zu st\u00e4rken und die langfristige Nachhaltigkeit der iberischen Schinkenindustrie in Spanien zu gew\u00e4hrleisten.<\/p>\n<p><strong>&#8222;Wir m\u00f6chten allen Verbrauchern von iberischem Schinken in Spanien eine beruhigende Botschaft \u00fcbermitteln. Es gibt keinen Grund, sich \u00fcber den Mangel an diesem hochgesch\u00e4tzten Produkt in unserer Gastronomie Sorgen zu machen&#8220;<\/strong>, sagte der Sprecher von Aeceriber. &#8222;Die iberischen Schweinez\u00fcchter und Schinkenproduzenten sind bestrebt, eine kontinuierliche Versorgung zu gew\u00e4hrleisten und die wachsende Nachfrage nach dieser Delikatesse zu befriedigen&#8220;.<\/p>\n<p>Der iberische Schinken ist eine der S\u00e4ulen der spanischen Gastronomie, und sein Verzehr hat in den letzten Jahren sowohl auf nationaler als auch auf internationaler Ebene stetig zugenommen. Sein einzigartiger Geschmack und seine au\u00dfergew\u00f6hnliche Qualit\u00e4t machen ihn zu einer echten kulinarischen Kostbarkeit.<\/p>\n<p>Aeceriber betonte auch, wie wichtig es ist, die lokalen Erzeuger und Z\u00fcchter zu unterst\u00fctzen, die eine grundlegende Rolle bei der Bewahrung der Tradition und der Qualit\u00e4t des iberischen Schinkens spielen. Au\u00dferdem forderten sie die Verbraucher auf, sich \u00fcber die verschiedenen Kategorien und Qualit\u00e4tsmarken des iberischen Schinkens zu informieren, um eine bewusste Wahl zu treffen und diese gastronomische Delikatesse in vollen Z\u00fcgen zu genie\u00dfen.<\/p>\n<p>Kurzum, Aeceriber versichert den Liebhabern des iberischen Schinkens, dass Spanien nicht ohne diese Delikatesse dastehen wird. Der Verband unterstreicht das Engagement der Z\u00fcchter und Erzeuger, um das Angebot an iberischem Schinken aufrechtzuerhalten und die wachsende Nachfrage der Verbraucher zu befriedigen. Der Geschmack und die Tradition des iberischen Schinkens werden die Gaumen in Spanien und dar\u00fcber hinaus weiterhin erfreuen.<\/p>\n","protected":false},"excerpt":{"rendered":"<p>Der spanische Verband der iberischen Schweinez\u00fcchter (Aeceriber) hat heute erkl\u00e4rt, dass die Versorgung mit iberischem Schinken in Spanien gesichert ist und dass es keinen Mangel an dieser exquisiten Delikatesse geben wird.<\/p>\n","protected":false},"author":1,"featured_media":2162,"comment_status":"closed","ping_status":"closed","sticky":false,"template":"","format":"standard","meta":{"_acf_changed":false,"footnotes":""},"categories":[71],"tags":[],"class_list":["post-2840","post","type-post","status-publish","format-standard","has-post-thumbnail","hentry","category-unkategorisiert"],"acf":[],"yoast_head":"<!-- This site is optimized with the Yoast SEO plugin v27.4 - https:\/\/yoast.com\/product\/yoast-seo-wordpress\/ -->\n<title>Aeceriber bekr\u00e4ftigt, dass Spanien nicht auf den Verzehr von iberischem Schinken verzichten wird - Campo Badajoz<\/title>\n<meta name=\"robots\" content=\"index, follow, max-snippet:-1, max-image-preview:large, max-video-preview:-1\" \/>\n<link rel=\"canonical\" href=\"https:\/\/campobadajoz.es\/de\/aeceriber-bekraeftigt-dass-spanien-nicht-auf-den-verzehr-von-iberischem-schinken-verzichten-wird\/\" \/>\n<meta property=\"og:locale\" content=\"de_DE\" \/>\n<meta property=\"og:type\" content=\"article\" \/>\n<meta property=\"og:title\" content=\"Aeceriber bekr\u00e4ftigt, dass Spanien nicht auf den Verzehr von iberischem Schinken verzichten wird - Campo Badajoz\" \/>\n<meta property=\"og:description\" content=\"Der spanische Verband der iberischen Schweinez\u00fcchter (Aeceriber) hat heute erkl\u00e4rt, dass die Versorgung mit iberischem Schinken in Spanien gesichert ist und dass es keinen Mangel an dieser exquisiten Delikatesse geben wird.\" \/>\n<meta property=\"og:url\" content=\"https:\/\/campobadajoz.es\/de\/aeceriber-bekraeftigt-dass-spanien-nicht-auf-den-verzehr-von-iberischem-schinken-verzichten-wird\/\" \/>\n<meta property=\"og:site_name\" content=\"Campo Badajoz\" \/>\n<meta property=\"article:publisher\" content=\"https:\/\/www.facebook.com\/campobadajoz.ibericodecampo\/\" \/>\n<meta property=\"article:published_time\" content=\"2023-05-15T14:42:48+00:00\" \/>\n<meta property=\"og:image\" content=\"https:\/\/campobadajoz.es\/wp-content\/uploads\/2023\/06\/AdobeStock_130650104-1-scaled.webp\" \/>\n\t<meta property=\"og:image:width\" content=\"2560\" \/>\n\t<meta property=\"og:image:height\" content=\"1707\" \/>\n\t<meta property=\"og:image:type\" content=\"image\/webp\" \/>\n<meta name=\"author\" content=\"admin\" \/>\n<meta name=\"twitter:card\" content=\"summary_large_image\" \/>\n<meta name=\"twitter:creator\" content=\"@jamonibericos\" \/>\n<meta name=\"twitter:site\" content=\"@jamonibericos\" \/>\n<meta name=\"twitter:label1\" content=\"Verfasst von\" \/>\n\t<meta name=\"twitter:data1\" content=\"admin\" \/>\n\t<meta name=\"twitter:label2\" content=\"Gesch\u00e4tzte Lesezeit\" \/>\n\t<meta name=\"twitter:data2\" content=\"2\u00a0Minuten\" \/>\n<script type=\"application\/ld+json\" class=\"yoast-schema-graph\">{\"@context\":\"https:\\\/\\\/schema.org\",\"@graph\":[{\"@type\":\"Article\",\"@id\":\"https:\\\/\\\/campobadajoz.es\\\/de\\\/aeceriber-bekraeftigt-dass-spanien-nicht-auf-den-verzehr-von-iberischem-schinken-verzichten-wird\\\/#article\",\"isPartOf\":{\"@id\":\"https:\\\/\\\/campobadajoz.es\\\/de\\\/aeceriber-bekraeftigt-dass-spanien-nicht-auf-den-verzehr-von-iberischem-schinken-verzichten-wird\\\/\"},\"author\":{\"name\":\"admin\",\"@id\":\"https:\\\/\\\/campobadajoz.es\\\/de\\\/#\\\/schema\\\/person\\\/37c446acd9f2ba0f709e833c7a1490ef\"},\"headline\":\"Aeceriber bekr\u00e4ftigt, dass Spanien nicht auf den Verzehr von iberischem Schinken verzichten wird\",\"datePublished\":\"2023-05-15T14:42:48+00:00\",\"mainEntityOfPage\":{\"@id\":\"https:\\\/\\\/campobadajoz.es\\\/de\\\/aeceriber-bekraeftigt-dass-spanien-nicht-auf-den-verzehr-von-iberischem-schinken-verzichten-wird\\\/\"},\"wordCount\":346,\"publisher\":{\"@id\":\"https:\\\/\\\/campobadajoz.es\\\/de\\\/#organization\"},\"image\":{\"@id\":\"https:\\\/\\\/campobadajoz.es\\\/de\\\/aeceriber-bekraeftigt-dass-spanien-nicht-auf-den-verzehr-von-iberischem-schinken-verzichten-wird\\\/#primaryimage\"},\"thumbnailUrl\":\"https:\\\/\\\/campobadajoz.es\\\/wp-content\\\/uploads\\\/2023\\\/06\\\/AdobeStock_130650104-1-scaled.webp\",\"articleSection\":[\"Unkategorisiert\"],\"inLanguage\":\"de\"},{\"@type\":\"WebPage\",\"@id\":\"https:\\\/\\\/campobadajoz.es\\\/de\\\/aeceriber-bekraeftigt-dass-spanien-nicht-auf-den-verzehr-von-iberischem-schinken-verzichten-wird\\\/\",\"url\":\"https:\\\/\\\/campobadajoz.es\\\/de\\\/aeceriber-bekraeftigt-dass-spanien-nicht-auf-den-verzehr-von-iberischem-schinken-verzichten-wird\\\/\",\"name\":\"Aeceriber bekr\u00e4ftigt, dass Spanien nicht auf den Verzehr von iberischem Schinken verzichten wird - Campo Badajoz\",\"isPartOf\":{\"@id\":\"https:\\\/\\\/campobadajoz.es\\\/de\\\/#website\"},\"primaryImageOfPage\":{\"@id\":\"https:\\\/\\\/campobadajoz.es\\\/de\\\/aeceriber-bekraeftigt-dass-spanien-nicht-auf-den-verzehr-von-iberischem-schinken-verzichten-wird\\\/#primaryimage\"},\"image\":{\"@id\":\"https:\\\/\\\/campobadajoz.es\\\/de\\\/aeceriber-bekraeftigt-dass-spanien-nicht-auf-den-verzehr-von-iberischem-schinken-verzichten-wird\\\/#primaryimage\"},\"thumbnailUrl\":\"https:\\\/\\\/campobadajoz.es\\\/wp-content\\\/uploads\\\/2023\\\/06\\\/AdobeStock_130650104-1-scaled.webp\",\"datePublished\":\"2023-05-15T14:42:48+00:00\",\"breadcrumb\":{\"@id\":\"https:\\\/\\\/campobadajoz.es\\\/de\\\/aeceriber-bekraeftigt-dass-spanien-nicht-auf-den-verzehr-von-iberischem-schinken-verzichten-wird\\\/#breadcrumb\"},\"inLanguage\":\"de\",\"potentialAction\":[{\"@type\":\"ReadAction\",\"target\":[\"https:\\\/\\\/campobadajoz.es\\\/de\\\/aeceriber-bekraeftigt-dass-spanien-nicht-auf-den-verzehr-von-iberischem-schinken-verzichten-wird\\\/\"]}]},{\"@type\":\"ImageObject\",\"inLanguage\":\"de\",\"@id\":\"https:\\\/\\\/campobadajoz.es\\\/de\\\/aeceriber-bekraeftigt-dass-spanien-nicht-auf-den-verzehr-von-iberischem-schinken-verzichten-wird\\\/#primaryimage\",\"url\":\"https:\\\/\\\/campobadajoz.es\\\/wp-content\\\/uploads\\\/2023\\\/06\\\/AdobeStock_130650104-1-scaled.webp\",\"contentUrl\":\"https:\\\/\\\/campobadajoz.es\\\/wp-content\\\/uploads\\\/2023\\\/06\\\/AdobeStock_130650104-1-scaled.webp\",\"width\":2560,\"height\":1707,\"caption\":\"Dehesa Extreme\u00f1a Cerdos\"},{\"@type\":\"BreadcrumbList\",\"@id\":\"https:\\\/\\\/campobadajoz.es\\\/de\\\/aeceriber-bekraeftigt-dass-spanien-nicht-auf-den-verzehr-von-iberischem-schinken-verzichten-wird\\\/#breadcrumb\",\"itemListElement\":[{\"@type\":\"ListItem\",\"position\":1,\"name\":\"Portada\",\"item\":\"https:\\\/\\\/campobadajoz.es\\\/de\\\/\"},{\"@type\":\"ListItem\",\"position\":2,\"name\":\"Aeceriber bekr\u00e4ftigt, dass Spanien nicht auf den Verzehr von iberischem Schinken verzichten wird\"}]},{\"@type\":\"WebSite\",\"@id\":\"https:\\\/\\\/campobadajoz.es\\\/de\\\/#website\",\"url\":\"https:\\\/\\\/campobadajoz.es\\\/de\\\/\",\"name\":\"Campo Badajoz\",\"description\":\"Productos ib\u00e9ricos de calidad\",\"publisher\":{\"@id\":\"https:\\\/\\\/campobadajoz.es\\\/de\\\/#organization\"},\"potentialAction\":[{\"@type\":\"SearchAction\",\"target\":{\"@type\":\"EntryPoint\",\"urlTemplate\":\"https:\\\/\\\/campobadajoz.es\\\/de\\\/?s={search_term_string}\"},\"query-input\":{\"@type\":\"PropertyValueSpecification\",\"valueRequired\":true,\"valueName\":\"search_term_string\"}}],\"inLanguage\":\"de\"},{\"@type\":\"Organization\",\"@id\":\"https:\\\/\\\/campobadajoz.es\\\/de\\\/#organization\",\"name\":\"Campo Badajoz\",\"url\":\"https:\\\/\\\/campobadajoz.es\\\/de\\\/\",\"logo\":{\"@type\":\"ImageObject\",\"inLanguage\":\"de\",\"@id\":\"https:\\\/\\\/campobadajoz.es\\\/de\\\/#\\\/schema\\\/logo\\\/image\\\/\",\"url\":\"https:\\\/\\\/campobadajoz.es\\\/wp-content\\\/uploads\\\/2023\\\/05\\\/logo_blanco_png-1.webp\",\"contentUrl\":\"https:\\\/\\\/campobadajoz.es\\\/wp-content\\\/uploads\\\/2023\\\/05\\\/logo_blanco_png-1.webp\",\"width\":800,\"height\":800,\"caption\":\"Campo Badajoz\"},\"image\":{\"@id\":\"https:\\\/\\\/campobadajoz.es\\\/de\\\/#\\\/schema\\\/logo\\\/image\\\/\"},\"sameAs\":[\"https:\\\/\\\/www.facebook.com\\\/campobadajoz.ibericodecampo\\\/\",\"https:\\\/\\\/x.com\\\/jamonibericos\",\"https:\\\/\\\/www.linkedin.com\\\/company\\\/campo-&-badajoz\\\/about\\\/\",\"https:\\\/\\\/www.instagram.com\\\/campobadajoz\\\/\"]},{\"@type\":\"Person\",\"@id\":\"https:\\\/\\\/campobadajoz.es\\\/de\\\/#\\\/schema\\\/person\\\/37c446acd9f2ba0f709e833c7a1490ef\",\"name\":\"admin\",\"image\":{\"@type\":\"ImageObject\",\"inLanguage\":\"de\",\"@id\":\"https:\\\/\\\/secure.gravatar.com\\\/avatar\\\/ada19a629247a62bceb166937da905f8fe69504f0ed4b6773688ebbb0514eb44?s=96&d=mm&r=g\",\"url\":\"https:\\\/\\\/secure.gravatar.com\\\/avatar\\\/ada19a629247a62bceb166937da905f8fe69504f0ed4b6773688ebbb0514eb44?s=96&d=mm&r=g\",\"contentUrl\":\"https:\\\/\\\/secure.gravatar.com\\\/avatar\\\/ada19a629247a62bceb166937da905f8fe69504f0ed4b6773688ebbb0514eb44?s=96&d=mm&r=g\",\"caption\":\"admin\"},\"url\":\"https:\\\/\\\/campobadajoz.es\\\/de\\\/author\\\/hosting_obe2tv4t\\\/\"}]}<\/script>\n<!-- \/ Yoast SEO plugin. -->","yoast_head_json":{"title":"Aeceriber bekr\u00e4ftigt, dass Spanien nicht auf den Verzehr von iberischem Schinken verzichten wird - Campo Badajoz","robots":{"index":"index","follow":"follow","max-snippet":"max-snippet:-1","max-image-preview":"max-image-preview:large","max-video-preview":"max-video-preview:-1"},"canonical":"https:\/\/campobadajoz.es\/de\/aeceriber-bekraeftigt-dass-spanien-nicht-auf-den-verzehr-von-iberischem-schinken-verzichten-wird\/","og_locale":"de_DE","og_type":"article","og_title":"Aeceriber bekr\u00e4ftigt, dass Spanien nicht auf den Verzehr von iberischem Schinken verzichten wird - Campo Badajoz","og_description":"Der spanische Verband der iberischen Schweinez\u00fcchter (Aeceriber) hat heute erkl\u00e4rt, dass die Versorgung mit iberischem Schinken in Spanien gesichert ist und dass es keinen Mangel an dieser exquisiten Delikatesse geben wird.","og_url":"https:\/\/campobadajoz.es\/de\/aeceriber-bekraeftigt-dass-spanien-nicht-auf-den-verzehr-von-iberischem-schinken-verzichten-wird\/","og_site_name":"Campo Badajoz","article_publisher":"https:\/\/www.facebook.com\/campobadajoz.ibericodecampo\/","article_published_time":"2023-05-15T14:42:48+00:00","og_image":[{"width":2560,"height":1707,"url":"https:\/\/campobadajoz.es\/wp-content\/uploads\/2023\/06\/AdobeStock_130650104-1-scaled.webp","type":"image\/webp"}],"author":"admin","twitter_card":"summary_large_image","twitter_creator":"@jamonibericos","twitter_site":"@jamonibericos","twitter_misc":{"Verfasst von":"admin","Gesch\u00e4tzte Lesezeit":"2\u00a0Minuten"},"schema":{"@context":"https:\/\/schema.org","@graph":[{"@type":"Article","@id":"https:\/\/campobadajoz.es\/de\/aeceriber-bekraeftigt-dass-spanien-nicht-auf-den-verzehr-von-iberischem-schinken-verzichten-wird\/#article","isPartOf":{"@id":"https:\/\/campobadajoz.es\/de\/aeceriber-bekraeftigt-dass-spanien-nicht-auf-den-verzehr-von-iberischem-schinken-verzichten-wird\/"},"author":{"name":"admin","@id":"https:\/\/campobadajoz.es\/de\/#\/schema\/person\/37c446acd9f2ba0f709e833c7a1490ef"},"headline":"Aeceriber bekr\u00e4ftigt, dass Spanien nicht auf den Verzehr von iberischem Schinken verzichten wird","datePublished":"2023-05-15T14:42:48+00:00","mainEntityOfPage":{"@id":"https:\/\/campobadajoz.es\/de\/aeceriber-bekraeftigt-dass-spanien-nicht-auf-den-verzehr-von-iberischem-schinken-verzichten-wird\/"},"wordCount":346,"publisher":{"@id":"https:\/\/campobadajoz.es\/de\/#organization"},"image":{"@id":"https:\/\/campobadajoz.es\/de\/aeceriber-bekraeftigt-dass-spanien-nicht-auf-den-verzehr-von-iberischem-schinken-verzichten-wird\/#primaryimage"},"thumbnailUrl":"https:\/\/campobadajoz.es\/wp-content\/uploads\/2023\/06\/AdobeStock_130650104-1-scaled.webp","articleSection":["Unkategorisiert"],"inLanguage":"de"},{"@type":"WebPage","@id":"https:\/\/campobadajoz.es\/de\/aeceriber-bekraeftigt-dass-spanien-nicht-auf-den-verzehr-von-iberischem-schinken-verzichten-wird\/","url":"https:\/\/campobadajoz.es\/de\/aeceriber-bekraeftigt-dass-spanien-nicht-auf-den-verzehr-von-iberischem-schinken-verzichten-wird\/","name":"Aeceriber bekr\u00e4ftigt, dass Spanien nicht auf den Verzehr von iberischem Schinken verzichten wird - Campo Badajoz","isPartOf":{"@id":"https:\/\/campobadajoz.es\/de\/#website"},"primaryImageOfPage":{"@id":"https:\/\/campobadajoz.es\/de\/aeceriber-bekraeftigt-dass-spanien-nicht-auf-den-verzehr-von-iberischem-schinken-verzichten-wird\/#primaryimage"},"image":{"@id":"https:\/\/campobadajoz.es\/de\/aeceriber-bekraeftigt-dass-spanien-nicht-auf-den-verzehr-von-iberischem-schinken-verzichten-wird\/#primaryimage"},"thumbnailUrl":"https:\/\/campobadajoz.es\/wp-content\/uploads\/2023\/06\/AdobeStock_130650104-1-scaled.webp","datePublished":"2023-05-15T14:42:48+00:00","breadcrumb":{"@id":"https:\/\/campobadajoz.es\/de\/aeceriber-bekraeftigt-dass-spanien-nicht-auf-den-verzehr-von-iberischem-schinken-verzichten-wird\/#breadcrumb"},"inLanguage":"de","potentialAction":[{"@type":"ReadAction","target":["https:\/\/campobadajoz.es\/de\/aeceriber-bekraeftigt-dass-spanien-nicht-auf-den-verzehr-von-iberischem-schinken-verzichten-wird\/"]}]},{"@type":"ImageObject","inLanguage":"de","@id":"https:\/\/campobadajoz.es\/de\/aeceriber-bekraeftigt-dass-spanien-nicht-auf-den-verzehr-von-iberischem-schinken-verzichten-wird\/#primaryimage","url":"https:\/\/campobadajoz.es\/wp-content\/uploads\/2023\/06\/AdobeStock_130650104-1-scaled.webp","contentUrl":"https:\/\/campobadajoz.es\/wp-content\/uploads\/2023\/06\/AdobeStock_130650104-1-scaled.webp","width":2560,"height":1707,"caption":"Dehesa Extreme\u00f1a Cerdos"},{"@type":"BreadcrumbList","@id":"https:\/\/campobadajoz.es\/de\/aeceriber-bekraeftigt-dass-spanien-nicht-auf-den-verzehr-von-iberischem-schinken-verzichten-wird\/#breadcrumb","itemListElement":[{"@type":"ListItem","position":1,"name":"Portada","item":"https:\/\/campobadajoz.es\/de\/"},{"@type":"ListItem","position":2,"name":"Aeceriber bekr\u00e4ftigt, dass Spanien nicht auf den Verzehr von iberischem Schinken verzichten wird"}]},{"@type":"WebSite","@id":"https:\/\/campobadajoz.es\/de\/#website","url":"https:\/\/campobadajoz.es\/de\/","name":"Campo Badajoz","description":"Productos ib\u00e9ricos de calidad","publisher":{"@id":"https:\/\/campobadajoz.es\/de\/#organization"},"potentialAction":[{"@type":"SearchAction","target":{"@type":"EntryPoint","urlTemplate":"https:\/\/campobadajoz.es\/de\/?s={search_term_string}"},"query-input":{"@type":"PropertyValueSpecification","valueRequired":true,"valueName":"search_term_string"}}],"inLanguage":"de"},{"@type":"Organization","@id":"https:\/\/campobadajoz.es\/de\/#organization","name":"Campo Badajoz","url":"https:\/\/campobadajoz.es\/de\/","logo":{"@type":"ImageObject","inLanguage":"de","@id":"https:\/\/campobadajoz.es\/de\/#\/schema\/logo\/image\/","url":"https:\/\/campobadajoz.es\/wp-content\/uploads\/2023\/05\/logo_blanco_png-1.webp","contentUrl":"https:\/\/campobadajoz.es\/wp-content\/uploads\/2023\/05\/logo_blanco_png-1.webp","width":800,"height":800,"caption":"Campo Badajoz"},"image":{"@id":"https:\/\/campobadajoz.es\/de\/#\/schema\/logo\/image\/"},"sameAs":["https:\/\/www.facebook.com\/campobadajoz.ibericodecampo\/","https:\/\/x.com\/jamonibericos","https:\/\/www.linkedin.com\/company\/campo-&-badajoz\/about\/","https:\/\/www.instagram.com\/campobadajoz\/"]},{"@type":"Person","@id":"https:\/\/campobadajoz.es\/de\/#\/schema\/person\/37c446acd9f2ba0f709e833c7a1490ef","name":"admin","image":{"@type":"ImageObject","inLanguage":"de","@id":"https:\/\/secure.gravatar.com\/avatar\/ada19a629247a62bceb166937da905f8fe69504f0ed4b6773688ebbb0514eb44?s=96&d=mm&r=g","url":"https:\/\/secure.gravatar.com\/avatar\/ada19a629247a62bceb166937da905f8fe69504f0ed4b6773688ebbb0514eb44?s=96&d=mm&r=g","contentUrl":"https:\/\/secure.gravatar.com\/avatar\/ada19a629247a62bceb166937da905f8fe69504f0ed4b6773688ebbb0514eb44?s=96&d=mm&r=g","caption":"admin"},"url":"https:\/\/campobadajoz.es\/de\/author\/hosting_obe2tv4t\/"}]}},"_links":{"self":[{"href":"https:\/\/campobadajoz.es\/de\/wp-json\/wp\/v2\/posts\/2840","targetHints":{"allow":["GET"]}}],"collection":[{"href":"https:\/\/campobadajoz.es\/de\/wp-json\/wp\/v2\/posts"}],"about":[{"href":"https:\/\/campobadajoz.es\/de\/wp-json\/wp\/v2\/types\/post"}],"author":[{"embeddable":true,"href":"https:\/\/campobadajoz.es\/de\/wp-json\/wp\/v2\/users\/1"}],"replies":[{"embeddable":true,"href":"https:\/\/campobadajoz.es\/de\/wp-json\/wp\/v2\/comments?post=2840"}],"version-history":[{"count":0,"href":"https:\/\/campobadajoz.es\/de\/wp-json\/wp\/v2\/posts\/2840\/revisions"}],"wp:featuredmedia":[{"embeddable":true,"href":"https:\/\/campobadajoz.es\/de\/wp-json\/wp\/v2\/media\/2162"}],"wp:attachment":[{"href":"https:\/\/campobadajoz.es\/de\/wp-json\/wp\/v2\/media?parent=2840"}],"wp:term":[{"taxonomy":"category","embeddable":true,"href":"https:\/\/campobadajoz.es\/de\/wp-json\/wp\/v2\/categories?post=2840"},{"taxonomy":"post_tag","embeddable":true,"href":"https:\/\/campobadajoz.es\/de\/wp-json\/wp\/v2\/tags?post=2840"}],"curies":[{"name":"wp","href":"https:\/\/api.w.org\/{rel}","templated":true}]}}