{"id":2854,"date":"2023-02-24T05:36:07","date_gmt":"2023-02-24T05:36:07","guid":{"rendered":"https:\/\/campobadajoz.es\/die-reinheit-des-iberischen-schweins\/"},"modified":"2023-02-24T05:36:07","modified_gmt":"2023-02-24T05:36:07","slug":"die-reinheit-des-iberischen-schweins","status":"publish","type":"post","link":"https:\/\/campobadajoz.es\/de\/die-reinheit-des-iberischen-schweins\/","title":{"rendered":"Die Reinheit des iberischen Schweins"},"content":{"rendered":"<p>Das iberische Schwein ist eine auf der iberischen Halbinsel heimische Rasse, die sich durch ihren au\u00dfergew\u00f6hnlichen Geschmack und ihre Qualit\u00e4t auszeichnet. Innerhalb dieser Rasse gibt es jedoch verschiedene Reinheitsgrade, die die Qualit\u00e4t und die Eigenschaften des iberischen Schinkens und anderer daraus hergestellter Produkte bestimmen. Diese Reinheitsgrade basieren auf der Reinheit der Rasse und der Zucht des Schweins und werden in vier Hauptkategorien unterteilt:<\/p>\n<h2>100% Eichelmast Ib\u00e9rico<\/h2>\n<p>Dieser Reinheitsgrad stellt die h\u00f6chste Qualit\u00e4t des iberischen Schweins dar. Die Schweine geh\u00f6ren zu 100 % der iberischen Rasse an und werden in freier Wildbahn in Dehesas aufgezogen, wo sie w\u00e4hrend der Montanera-Saison ausschlie\u00dflich mit Eicheln und Gras gef\u00fcttert werden. Die F\u00fctterung mit Eicheln verleiht dem iberischen Schinken aus 100% Eichelmast einen charakteristischen Geschmack und ein besonderes Aroma. Diese Art von Schinken gilt als die exquisiteste und zeichnet sich durch ihre saftige Textur, ihre fette Marmorierung und ihren tiefen, delikaten Geschmack aus.<\/p>\n<h2>Eichelgef\u00fctterter Ib\u00e9rico<\/h2>\n<p>In dieser Kategorie werden die Schweine ebenfalls in Freilandhaltung auf Weiden aufgezogen, aber ihre Rassenreinheit kann weniger als 100 % betragen. Sie ern\u00e4hren sich w\u00e4hrend der Montanera haupts\u00e4chlich von Eicheln und Gras, was zum hervorragenden Geschmack und zur Qualit\u00e4t des iberischen Schinkens aus Eichelmast beitr\u00e4gt. Obwohl seine Reinheit nicht vollkommen ist, wird es dennoch als eine hochwertige Option angesehen.<\/p>\n<h2>Ib\u00e9rico de cebo de campo<\/h2>\n<p>Zu dieser Kategorie geh\u00f6ren Schweine der iberischen Rasse, die in einer semi-extensiven Haltung auf dem Lande aufgezogen werden. Obwohl sie sich nicht ausschlie\u00dflich von Eicheln ern\u00e4hren, haben sie Zugang zu Weideland und k\u00f6nnen sich zus\u00e4tzlich mit nat\u00fcrlichem Futter ern\u00e4hren. Der iberische Schinken &#8222;Cebo de Campo&#8220; hat einen charakteristischen Geschmack und eine beachtliche Qualit\u00e4t, auch wenn er im Vergleich zu den h\u00f6heren Reinheitsgraden etwas minderwertiger ist.<\/p>\n<h2>Ib\u00e9rico de cebo<\/h2>\n<p>In dieser Kategorie werden iberische Schweine in landwirtschaftlichen Betrieben aufgezogen und haupts\u00e4chlich mit nat\u00fcrlichem Futter gef\u00fcttert. Sie haben keinen Zugang zur Montanera oder zu einer Ern\u00e4hrung auf Eichelbasis. Obwohl sie einige Merkmale der iberischen Rasse beibehalten, erreicht der iberische Cebo-Schinken nicht die gleiche Qualit\u00e4t und den gleichen unverwechselbaren Geschmack wie die fr\u00fcheren Reinheitsgrade.<\/p>\n<p>&nbsp;<\/p>\n<p>&nbsp;<\/p>\n<p>Es ist wichtig, darauf hinzuweisen, dass sich die oben genannten Kategorien haupts\u00e4chlich auf iberischen Schinken beziehen und nicht auf andere Produkte, die vom iberischen Schwein stammen, wie W\u00fcrste oder Schweinelende. Jede Kategorie hat ihre eigenen spezifischen Vorschriften und Anforderungen, um die R\u00fcckverfolgbarkeit und Qualit\u00e4t der Produkte zu gew\u00e4hrleisten.<\/p>\n<p>Bei der Wahl des iberischen Schinkens ist es ratsam, die verschiedenen Reinheitsgrade zu ber\u00fccksichtigen, da sie die organoleptischen Eigenschaften und den kulinarischen Genuss beeinflussen. Jede Sorte bietet ein einzigartiges Erlebnis, aber alle haben die Unterscheidung, dass sie repr\u00e4sentative Produkte der spanischen Gastronomie sind.<\/p>\n","protected":false},"excerpt":{"rendered":"<p>Das iberische Schwein ist eine auf der iberischen Halbinsel heimische Rasse, die sich durch ihren au\u00dfergew\u00f6hnlichen Geschmack und ihre Qualit\u00e4t auszeichnet. Innerhalb dieser Rasse gibt es jedoch verschiedene Reinheitsgrade, die die Qualit\u00e4t und die Eigenschaften des iberischen Schinkens und anderer daraus hergestellter Produkte bestimmen. Diese Reinheitsgrade basieren auf der Reinheit der Rasse und der Zucht [&hellip;]<\/p>\n","protected":false},"author":1,"featured_media":1413,"comment_status":"closed","ping_status":"closed","sticky":false,"template":"","format":"standard","meta":{"_acf_changed":false,"footnotes":""},"categories":[71],"tags":[],"class_list":["post-2854","post","type-post","status-publish","format-standard","has-post-thumbnail","hentry","category-unkategorisiert"],"acf":[],"yoast_head":"<!-- This site is optimized with the Yoast SEO plugin v27.4 - https:\/\/yoast.com\/product\/yoast-seo-wordpress\/ -->\n<title>Die Reinheit des iberischen Schweins - Campo Badajoz<\/title>\n<meta name=\"robots\" content=\"index, follow, max-snippet:-1, max-image-preview:large, max-video-preview:-1\" \/>\n<link rel=\"canonical\" href=\"https:\/\/campobadajoz.es\/de\/die-reinheit-des-iberischen-schweins\/\" \/>\n<meta property=\"og:locale\" content=\"de_DE\" \/>\n<meta property=\"og:type\" content=\"article\" \/>\n<meta property=\"og:title\" content=\"Die Reinheit des iberischen Schweins - Campo Badajoz\" \/>\n<meta property=\"og:description\" content=\"Das iberische Schwein ist eine auf der iberischen Halbinsel heimische Rasse, die sich durch ihren au\u00dfergew\u00f6hnlichen Geschmack und ihre Qualit\u00e4t auszeichnet. Innerhalb dieser Rasse gibt es jedoch verschiedene Reinheitsgrade, die die Qualit\u00e4t und die Eigenschaften des iberischen Schinkens und anderer daraus hergestellter Produkte bestimmen. Diese Reinheitsgrade basieren auf der Reinheit der Rasse und der Zucht [&hellip;]\" \/>\n<meta property=\"og:url\" content=\"https:\/\/campobadajoz.es\/de\/die-reinheit-des-iberischen-schweins\/\" \/>\n<meta property=\"og:site_name\" content=\"Campo Badajoz\" \/>\n<meta property=\"article:publisher\" content=\"https:\/\/www.facebook.com\/campobadajoz.ibericodecampo\/\" \/>\n<meta property=\"article:published_time\" content=\"2023-02-24T05:36:07+00:00\" \/>\n<meta property=\"og:image\" content=\"https:\/\/campobadajoz.es\/wp-content\/uploads\/2023\/06\/AdobeStock_320784754-scaled.webp\" \/>\n\t<meta property=\"og:image:width\" content=\"2560\" \/>\n\t<meta property=\"og:image:height\" content=\"1707\" \/>\n\t<meta property=\"og:image:type\" content=\"image\/webp\" \/>\n<meta name=\"author\" content=\"admin\" \/>\n<meta name=\"twitter:card\" content=\"summary_large_image\" \/>\n<meta name=\"twitter:creator\" content=\"@jamonibericos\" \/>\n<meta name=\"twitter:site\" content=\"@jamonibericos\" \/>\n<meta name=\"twitter:label1\" content=\"Verfasst von\" \/>\n\t<meta name=\"twitter:data1\" content=\"admin\" \/>\n\t<meta name=\"twitter:label2\" content=\"Gesch\u00e4tzte Lesezeit\" \/>\n\t<meta name=\"twitter:data2\" content=\"2\u00a0Minuten\" \/>\n<script type=\"application\/ld+json\" class=\"yoast-schema-graph\">{\"@context\":\"https:\\\/\\\/schema.org\",\"@graph\":[{\"@type\":\"Article\",\"@id\":\"https:\\\/\\\/campobadajoz.es\\\/de\\\/die-reinheit-des-iberischen-schweins\\\/#article\",\"isPartOf\":{\"@id\":\"https:\\\/\\\/campobadajoz.es\\\/de\\\/die-reinheit-des-iberischen-schweins\\\/\"},\"author\":{\"name\":\"admin\",\"@id\":\"https:\\\/\\\/campobadajoz.es\\\/de\\\/#\\\/schema\\\/person\\\/37c446acd9f2ba0f709e833c7a1490ef\"},\"headline\":\"Die Reinheit des iberischen Schweins\",\"datePublished\":\"2023-02-24T05:36:07+00:00\",\"mainEntityOfPage\":{\"@id\":\"https:\\\/\\\/campobadajoz.es\\\/de\\\/die-reinheit-des-iberischen-schweins\\\/\"},\"wordCount\":470,\"publisher\":{\"@id\":\"https:\\\/\\\/campobadajoz.es\\\/de\\\/#organization\"},\"image\":{\"@id\":\"https:\\\/\\\/campobadajoz.es\\\/de\\\/die-reinheit-des-iberischen-schweins\\\/#primaryimage\"},\"thumbnailUrl\":\"https:\\\/\\\/campobadajoz.es\\\/wp-content\\\/uploads\\\/2023\\\/06\\\/depositphotos_146860891-stock-photo-iberian-pig-pasturing-in-a.webp\",\"articleSection\":[\"Unkategorisiert\"],\"inLanguage\":\"de\"},{\"@type\":\"WebPage\",\"@id\":\"https:\\\/\\\/campobadajoz.es\\\/de\\\/die-reinheit-des-iberischen-schweins\\\/\",\"url\":\"https:\\\/\\\/campobadajoz.es\\\/de\\\/die-reinheit-des-iberischen-schweins\\\/\",\"name\":\"Die Reinheit des iberischen Schweins - Campo Badajoz\",\"isPartOf\":{\"@id\":\"https:\\\/\\\/campobadajoz.es\\\/de\\\/#website\"},\"primaryImageOfPage\":{\"@id\":\"https:\\\/\\\/campobadajoz.es\\\/de\\\/die-reinheit-des-iberischen-schweins\\\/#primaryimage\"},\"image\":{\"@id\":\"https:\\\/\\\/campobadajoz.es\\\/de\\\/die-reinheit-des-iberischen-schweins\\\/#primaryimage\"},\"thumbnailUrl\":\"https:\\\/\\\/campobadajoz.es\\\/wp-content\\\/uploads\\\/2023\\\/06\\\/depositphotos_146860891-stock-photo-iberian-pig-pasturing-in-a.webp\",\"datePublished\":\"2023-02-24T05:36:07+00:00\",\"breadcrumb\":{\"@id\":\"https:\\\/\\\/campobadajoz.es\\\/de\\\/die-reinheit-des-iberischen-schweins\\\/#breadcrumb\"},\"inLanguage\":\"de\",\"potentialAction\":[{\"@type\":\"ReadAction\",\"target\":[\"https:\\\/\\\/campobadajoz.es\\\/de\\\/die-reinheit-des-iberischen-schweins\\\/\"]}]},{\"@type\":\"ImageObject\",\"inLanguage\":\"de\",\"@id\":\"https:\\\/\\\/campobadajoz.es\\\/de\\\/die-reinheit-des-iberischen-schweins\\\/#primaryimage\",\"url\":\"https:\\\/\\\/campobadajoz.es\\\/wp-content\\\/uploads\\\/2023\\\/06\\\/depositphotos_146860891-stock-photo-iberian-pig-pasturing-in-a.webp\",\"contentUrl\":\"https:\\\/\\\/campobadajoz.es\\\/wp-content\\\/uploads\\\/2023\\\/06\\\/depositphotos_146860891-stock-photo-iberian-pig-pasturing-in-a.webp\",\"width\":600,\"height\":400,\"caption\":\"Grados de jam\u00f3n ib\u00e9rico\"},{\"@type\":\"BreadcrumbList\",\"@id\":\"https:\\\/\\\/campobadajoz.es\\\/de\\\/die-reinheit-des-iberischen-schweins\\\/#breadcrumb\",\"itemListElement\":[{\"@type\":\"ListItem\",\"position\":1,\"name\":\"Portada\",\"item\":\"https:\\\/\\\/campobadajoz.es\\\/de\\\/\"},{\"@type\":\"ListItem\",\"position\":2,\"name\":\"Die Reinheit des iberischen Schweins\"}]},{\"@type\":\"WebSite\",\"@id\":\"https:\\\/\\\/campobadajoz.es\\\/de\\\/#website\",\"url\":\"https:\\\/\\\/campobadajoz.es\\\/de\\\/\",\"name\":\"Campo Badajoz\",\"description\":\"Productos ib\u00e9ricos de calidad\",\"publisher\":{\"@id\":\"https:\\\/\\\/campobadajoz.es\\\/de\\\/#organization\"},\"potentialAction\":[{\"@type\":\"SearchAction\",\"target\":{\"@type\":\"EntryPoint\",\"urlTemplate\":\"https:\\\/\\\/campobadajoz.es\\\/de\\\/?s={search_term_string}\"},\"query-input\":{\"@type\":\"PropertyValueSpecification\",\"valueRequired\":true,\"valueName\":\"search_term_string\"}}],\"inLanguage\":\"de\"},{\"@type\":\"Organization\",\"@id\":\"https:\\\/\\\/campobadajoz.es\\\/de\\\/#organization\",\"name\":\"Campo Badajoz\",\"url\":\"https:\\\/\\\/campobadajoz.es\\\/de\\\/\",\"logo\":{\"@type\":\"ImageObject\",\"inLanguage\":\"de\",\"@id\":\"https:\\\/\\\/campobadajoz.es\\\/de\\\/#\\\/schema\\\/logo\\\/image\\\/\",\"url\":\"https:\\\/\\\/campobadajoz.es\\\/wp-content\\\/uploads\\\/2023\\\/05\\\/logo_blanco_png-1.webp\",\"contentUrl\":\"https:\\\/\\\/campobadajoz.es\\\/wp-content\\\/uploads\\\/2023\\\/05\\\/logo_blanco_png-1.webp\",\"width\":800,\"height\":800,\"caption\":\"Campo Badajoz\"},\"image\":{\"@id\":\"https:\\\/\\\/campobadajoz.es\\\/de\\\/#\\\/schema\\\/logo\\\/image\\\/\"},\"sameAs\":[\"https:\\\/\\\/www.facebook.com\\\/campobadajoz.ibericodecampo\\\/\",\"https:\\\/\\\/x.com\\\/jamonibericos\",\"https:\\\/\\\/www.linkedin.com\\\/company\\\/campo-&-badajoz\\\/about\\\/\",\"https:\\\/\\\/www.instagram.com\\\/campobadajoz\\\/\"]},{\"@type\":\"Person\",\"@id\":\"https:\\\/\\\/campobadajoz.es\\\/de\\\/#\\\/schema\\\/person\\\/37c446acd9f2ba0f709e833c7a1490ef\",\"name\":\"admin\",\"image\":{\"@type\":\"ImageObject\",\"inLanguage\":\"de\",\"@id\":\"https:\\\/\\\/secure.gravatar.com\\\/avatar\\\/ada19a629247a62bceb166937da905f8fe69504f0ed4b6773688ebbb0514eb44?s=96&d=mm&r=g\",\"url\":\"https:\\\/\\\/secure.gravatar.com\\\/avatar\\\/ada19a629247a62bceb166937da905f8fe69504f0ed4b6773688ebbb0514eb44?s=96&d=mm&r=g\",\"contentUrl\":\"https:\\\/\\\/secure.gravatar.com\\\/avatar\\\/ada19a629247a62bceb166937da905f8fe69504f0ed4b6773688ebbb0514eb44?s=96&d=mm&r=g\",\"caption\":\"admin\"},\"url\":\"https:\\\/\\\/campobadajoz.es\\\/de\\\/author\\\/hosting_obe2tv4t\\\/\"}]}<\/script>\n<!-- \/ Yoast SEO plugin. -->","yoast_head_json":{"title":"Die Reinheit des iberischen Schweins - Campo Badajoz","robots":{"index":"index","follow":"follow","max-snippet":"max-snippet:-1","max-image-preview":"max-image-preview:large","max-video-preview":"max-video-preview:-1"},"canonical":"https:\/\/campobadajoz.es\/de\/die-reinheit-des-iberischen-schweins\/","og_locale":"de_DE","og_type":"article","og_title":"Die Reinheit des iberischen Schweins - Campo Badajoz","og_description":"Das iberische Schwein ist eine auf der iberischen Halbinsel heimische Rasse, die sich durch ihren au\u00dfergew\u00f6hnlichen Geschmack und ihre Qualit\u00e4t auszeichnet. Innerhalb dieser Rasse gibt es jedoch verschiedene Reinheitsgrade, die die Qualit\u00e4t und die Eigenschaften des iberischen Schinkens und anderer daraus hergestellter Produkte bestimmen. Diese Reinheitsgrade basieren auf der Reinheit der Rasse und der Zucht [&hellip;]","og_url":"https:\/\/campobadajoz.es\/de\/die-reinheit-des-iberischen-schweins\/","og_site_name":"Campo Badajoz","article_publisher":"https:\/\/www.facebook.com\/campobadajoz.ibericodecampo\/","article_published_time":"2023-02-24T05:36:07+00:00","og_image":[{"width":2560,"height":1707,"url":"https:\/\/campobadajoz.es\/wp-content\/uploads\/2023\/06\/AdobeStock_320784754-scaled.webp","type":"image\/webp"}],"author":"admin","twitter_card":"summary_large_image","twitter_creator":"@jamonibericos","twitter_site":"@jamonibericos","twitter_misc":{"Verfasst von":"admin","Gesch\u00e4tzte Lesezeit":"2\u00a0Minuten"},"schema":{"@context":"https:\/\/schema.org","@graph":[{"@type":"Article","@id":"https:\/\/campobadajoz.es\/de\/die-reinheit-des-iberischen-schweins\/#article","isPartOf":{"@id":"https:\/\/campobadajoz.es\/de\/die-reinheit-des-iberischen-schweins\/"},"author":{"name":"admin","@id":"https:\/\/campobadajoz.es\/de\/#\/schema\/person\/37c446acd9f2ba0f709e833c7a1490ef"},"headline":"Die Reinheit des iberischen Schweins","datePublished":"2023-02-24T05:36:07+00:00","mainEntityOfPage":{"@id":"https:\/\/campobadajoz.es\/de\/die-reinheit-des-iberischen-schweins\/"},"wordCount":470,"publisher":{"@id":"https:\/\/campobadajoz.es\/de\/#organization"},"image":{"@id":"https:\/\/campobadajoz.es\/de\/die-reinheit-des-iberischen-schweins\/#primaryimage"},"thumbnailUrl":"https:\/\/campobadajoz.es\/wp-content\/uploads\/2023\/06\/depositphotos_146860891-stock-photo-iberian-pig-pasturing-in-a.webp","articleSection":["Unkategorisiert"],"inLanguage":"de"},{"@type":"WebPage","@id":"https:\/\/campobadajoz.es\/de\/die-reinheit-des-iberischen-schweins\/","url":"https:\/\/campobadajoz.es\/de\/die-reinheit-des-iberischen-schweins\/","name":"Die Reinheit des iberischen Schweins - Campo Badajoz","isPartOf":{"@id":"https:\/\/campobadajoz.es\/de\/#website"},"primaryImageOfPage":{"@id":"https:\/\/campobadajoz.es\/de\/die-reinheit-des-iberischen-schweins\/#primaryimage"},"image":{"@id":"https:\/\/campobadajoz.es\/de\/die-reinheit-des-iberischen-schweins\/#primaryimage"},"thumbnailUrl":"https:\/\/campobadajoz.es\/wp-content\/uploads\/2023\/06\/depositphotos_146860891-stock-photo-iberian-pig-pasturing-in-a.webp","datePublished":"2023-02-24T05:36:07+00:00","breadcrumb":{"@id":"https:\/\/campobadajoz.es\/de\/die-reinheit-des-iberischen-schweins\/#breadcrumb"},"inLanguage":"de","potentialAction":[{"@type":"ReadAction","target":["https:\/\/campobadajoz.es\/de\/die-reinheit-des-iberischen-schweins\/"]}]},{"@type":"ImageObject","inLanguage":"de","@id":"https:\/\/campobadajoz.es\/de\/die-reinheit-des-iberischen-schweins\/#primaryimage","url":"https:\/\/campobadajoz.es\/wp-content\/uploads\/2023\/06\/depositphotos_146860891-stock-photo-iberian-pig-pasturing-in-a.webp","contentUrl":"https:\/\/campobadajoz.es\/wp-content\/uploads\/2023\/06\/depositphotos_146860891-stock-photo-iberian-pig-pasturing-in-a.webp","width":600,"height":400,"caption":"Grados de jam\u00f3n ib\u00e9rico"},{"@type":"BreadcrumbList","@id":"https:\/\/campobadajoz.es\/de\/die-reinheit-des-iberischen-schweins\/#breadcrumb","itemListElement":[{"@type":"ListItem","position":1,"name":"Portada","item":"https:\/\/campobadajoz.es\/de\/"},{"@type":"ListItem","position":2,"name":"Die Reinheit des iberischen Schweins"}]},{"@type":"WebSite","@id":"https:\/\/campobadajoz.es\/de\/#website","url":"https:\/\/campobadajoz.es\/de\/","name":"Campo Badajoz","description":"Productos ib\u00e9ricos de calidad","publisher":{"@id":"https:\/\/campobadajoz.es\/de\/#organization"},"potentialAction":[{"@type":"SearchAction","target":{"@type":"EntryPoint","urlTemplate":"https:\/\/campobadajoz.es\/de\/?s={search_term_string}"},"query-input":{"@type":"PropertyValueSpecification","valueRequired":true,"valueName":"search_term_string"}}],"inLanguage":"de"},{"@type":"Organization","@id":"https:\/\/campobadajoz.es\/de\/#organization","name":"Campo Badajoz","url":"https:\/\/campobadajoz.es\/de\/","logo":{"@type":"ImageObject","inLanguage":"de","@id":"https:\/\/campobadajoz.es\/de\/#\/schema\/logo\/image\/","url":"https:\/\/campobadajoz.es\/wp-content\/uploads\/2023\/05\/logo_blanco_png-1.webp","contentUrl":"https:\/\/campobadajoz.es\/wp-content\/uploads\/2023\/05\/logo_blanco_png-1.webp","width":800,"height":800,"caption":"Campo Badajoz"},"image":{"@id":"https:\/\/campobadajoz.es\/de\/#\/schema\/logo\/image\/"},"sameAs":["https:\/\/www.facebook.com\/campobadajoz.ibericodecampo\/","https:\/\/x.com\/jamonibericos","https:\/\/www.linkedin.com\/company\/campo-&-badajoz\/about\/","https:\/\/www.instagram.com\/campobadajoz\/"]},{"@type":"Person","@id":"https:\/\/campobadajoz.es\/de\/#\/schema\/person\/37c446acd9f2ba0f709e833c7a1490ef","name":"admin","image":{"@type":"ImageObject","inLanguage":"de","@id":"https:\/\/secure.gravatar.com\/avatar\/ada19a629247a62bceb166937da905f8fe69504f0ed4b6773688ebbb0514eb44?s=96&d=mm&r=g","url":"https:\/\/secure.gravatar.com\/avatar\/ada19a629247a62bceb166937da905f8fe69504f0ed4b6773688ebbb0514eb44?s=96&d=mm&r=g","contentUrl":"https:\/\/secure.gravatar.com\/avatar\/ada19a629247a62bceb166937da905f8fe69504f0ed4b6773688ebbb0514eb44?s=96&d=mm&r=g","caption":"admin"},"url":"https:\/\/campobadajoz.es\/de\/author\/hosting_obe2tv4t\/"}]}},"_links":{"self":[{"href":"https:\/\/campobadajoz.es\/de\/wp-json\/wp\/v2\/posts\/2854","targetHints":{"allow":["GET"]}}],"collection":[{"href":"https:\/\/campobadajoz.es\/de\/wp-json\/wp\/v2\/posts"}],"about":[{"href":"https:\/\/campobadajoz.es\/de\/wp-json\/wp\/v2\/types\/post"}],"author":[{"embeddable":true,"href":"https:\/\/campobadajoz.es\/de\/wp-json\/wp\/v2\/users\/1"}],"replies":[{"embeddable":true,"href":"https:\/\/campobadajoz.es\/de\/wp-json\/wp\/v2\/comments?post=2854"}],"version-history":[{"count":0,"href":"https:\/\/campobadajoz.es\/de\/wp-json\/wp\/v2\/posts\/2854\/revisions"}],"wp:featuredmedia":[{"embeddable":true,"href":"https:\/\/campobadajoz.es\/de\/wp-json\/wp\/v2\/media\/1413"}],"wp:attachment":[{"href":"https:\/\/campobadajoz.es\/de\/wp-json\/wp\/v2\/media?parent=2854"}],"wp:term":[{"taxonomy":"category","embeddable":true,"href":"https:\/\/campobadajoz.es\/de\/wp-json\/wp\/v2\/categories?post=2854"},{"taxonomy":"post_tag","embeddable":true,"href":"https:\/\/campobadajoz.es\/de\/wp-json\/wp\/v2\/tags?post=2854"}],"curies":[{"name":"wp","href":"https:\/\/api.w.org\/{rel}","templated":true}]}}