{"id":2861,"date":"2023-01-14T05:40:15","date_gmt":"2023-01-14T05:40:15","guid":{"rendered":"https:\/\/campobadajoz.es\/poekeln-von-iberischem-schweineruecken\/"},"modified":"2023-01-14T05:40:15","modified_gmt":"2023-01-14T05:40:15","slug":"poekeln-von-iberischem-schweineruecken","status":"publish","type":"post","link":"https:\/\/campobadajoz.es\/de\/poekeln-von-iberischem-schweineruecken\/","title":{"rendered":"P\u00f6keln von iberischem Schweiner\u00fccken"},"content":{"rendered":"<p>Die <strong>iberische Schweinelende<\/strong> ist eines der am meisten gesch\u00e4tzten Produkte der spanischen Gastronomie. Seine P\u00f6kelung ist ein handwerkliches Verfahren, das seinen Geschmack und seine Textur verbessert und ihn zu einem wahren kulinarischen Genuss macht.<\/p>\n<p>Der <strong>Reifungsprozess der iberischen Lende<\/strong> beginnt mit der sorgf\u00e4ltigen Auswahl der Fleischst\u00fccke. Wir w\u00e4hlen Koteletts von iberischen Qualit\u00e4tsschweinen der iberischen Rasse, die f\u00fcr ihre Fettdurchdringung und ihren einzigartigen Geschmack bekannt sind. Die <strong>Fettinfiltration<\/strong> ist entscheidend f\u00fcr die Saftigkeit und Zartheit der gep\u00f6kelten iberischen Schweinelende.<\/p>\n<p>Nach der Auswahl der Koteletts werden diese in einer ersten Phase <strong>gesalzen<\/strong>. Sie werden mit grobem Salz bestreut und eine gewisse Zeit lang stehen gelassen. Salz hilft, das Fleisch zu dehydrieren, entzieht ihm \u00fcbersch\u00fcssige Feuchtigkeit und tr\u00e4gt so zu seiner Haltbarkeit bei. In dieser Phase nehmen die Koteletts das Salz auf und erhalten ihren charakteristischen salzigen Geschmack.<\/p>\n<p>Nach dem Salzen werden die Koteletts gewaschen und getrocknet. Sie werden an k\u00fchlen, gut bel\u00fcfteten Orten aufgeh\u00e4ngt, in der Regel in Trockenschuppen oder Kellern, wo ein langsamer Austrocknungsprozess stattfindet. W\u00e4hrend dieser Zeit, die mehrere Monate dauern kann, verlieren die Koteletts einen Teil ihres Wassergehalts und erhalten eine feste, kompakte Textur.<\/p>\n<p>Der n\u00e4chste Schritt bei der P\u00f6kelung der iberischen Lende ist die <strong>Reifung<\/strong>. W\u00e4hrend dieses Prozesses spalten die nat\u00fcrlichen Enzyme des Fleisches die Proteine und Fette auf und entwickeln einen komplexen Geschmack und Aromen. Die Reifung kann Monate oder sogar Jahre dauern, je nach Erzeuger und Art der iberischen Lende.<\/p>\n<p>Temperatur und Luftfeuchtigkeit sind kritische Faktoren bei der Reifung des iberischen Schweiner\u00fcckens. In den Trockenr\u00e4umen oder Kellern, in denen die Reifung stattfindet, m\u00fcssen kontrollierte Bedingungen herrschen, um optimale Ergebnisse zu erzielen. Eine k\u00fchle und konstante Temperatur in Verbindung mit einer kontrollierten Luftfeuchtigkeit beg\u00fcnstigt die Entwicklung intensiver Aromen und die richtige Konservierung des Produkts.<\/p>\n<p>Sobald die Koteletts ihren Reifeprozess abgeschlossen haben, sind sie bereit f\u00fcr den Genuss. Die gep\u00f6kelte iberische Schweinelende zeichnet sich durch ihren intensiven und milden Geschmack, ihre zarte Textur und ihr berauschendes Aroma aus. Er eignet sich hervorragend zum Verzehr in d\u00fcnnen Scheiben, als Teil einer Wursttafel oder als Hauptzutat f\u00fcr Sandwiches und Tapas.<\/p>\n<p>Das P\u00f6keln des iberischen Schweiner\u00fcckens ist eine Kunst, die <strong>Zeit, Geduld und Wissen<\/strong> erfordert. Die Erzeuger der iberischen Schweinelende bem\u00fchen sich, die Traditionen und Techniken beizubehalten, die \u00fcber Generationen hinweg weitergegeben wurden, um die Qualit\u00e4t und Authentizit\u00e4t dieses ganz besonderen Produkts zu gew\u00e4hrleisten.<\/p>\n<p>Zusammenfassend l\u00e4sst sich sagen, dass die Reifung der iberischen Schweinelende von entscheidender Bedeutung ist, um ein hochwertiges Produkt zu erhalten. Von der Auswahl der Koteletts bis hin zur kontrollierten Reifung tr\u00e4gt jede Phase dazu bei, ihren Geschmack, ihre Textur und ihre einzigartigen Eigenschaften zu verbessern. Die gep\u00f6kelte iberische Schweinelende ist ein gastronomischer Schatz, der die anspruchsvollsten Gaumen erfreut und f\u00fcr die kulinarische Exzellenz Spaniens steht.<\/p>\n","protected":false},"excerpt":{"rendered":"<p>Die iberische Schweinelende ist eines der am meisten gesch\u00e4tzten Produkte der spanischen Gastronomie. Seine Reifung ist ein handwerkliches Verfahren, das seinen Geschmack und seine Textur verbessert und ihn zu einem echten kulinarischen Genuss macht.<\/p>\n","protected":false},"author":1,"featured_media":1423,"comment_status":"closed","ping_status":"closed","sticky":false,"template":"","format":"standard","meta":{"_acf_changed":false,"footnotes":""},"categories":[71],"tags":[],"class_list":["post-2861","post","type-post","status-publish","format-standard","has-post-thumbnail","hentry","category-unkategorisiert"],"acf":[],"yoast_head":"<!-- This site is optimized with the Yoast SEO plugin v27.4 - https:\/\/yoast.com\/product\/yoast-seo-wordpress\/ -->\n<title>P\u00f6keln von iberischem Schweiner\u00fccken - Campo Badajoz<\/title>\n<meta name=\"robots\" content=\"index, follow, max-snippet:-1, max-image-preview:large, max-video-preview:-1\" \/>\n<link rel=\"canonical\" href=\"https:\/\/campobadajoz.es\/de\/poekeln-von-iberischem-schweineruecken\/\" \/>\n<meta property=\"og:locale\" content=\"de_DE\" \/>\n<meta property=\"og:type\" content=\"article\" \/>\n<meta property=\"og:title\" content=\"P\u00f6keln von iberischem Schweiner\u00fccken - Campo Badajoz\" \/>\n<meta property=\"og:description\" content=\"Die iberische Schweinelende ist eines der am meisten gesch\u00e4tzten Produkte der spanischen Gastronomie. Seine Reifung ist ein handwerkliches Verfahren, das seinen Geschmack und seine Textur verbessert und ihn zu einem echten kulinarischen Genuss macht.\" \/>\n<meta property=\"og:url\" content=\"https:\/\/campobadajoz.es\/de\/poekeln-von-iberischem-schweineruecken\/\" \/>\n<meta property=\"og:site_name\" content=\"Campo Badajoz\" \/>\n<meta property=\"article:publisher\" content=\"https:\/\/www.facebook.com\/campobadajoz.ibericodecampo\/\" \/>\n<meta property=\"article:published_time\" content=\"2023-01-14T05:40:15+00:00\" \/>\n<meta property=\"og:image\" content=\"https:\/\/campobadajoz.es\/wp-content\/uploads\/2023\/06\/AdobeStock_320784754-scaled.webp\" \/>\n\t<meta property=\"og:image:width\" content=\"2560\" \/>\n\t<meta property=\"og:image:height\" content=\"1707\" \/>\n\t<meta property=\"og:image:type\" content=\"image\/webp\" \/>\n<meta name=\"author\" content=\"admin\" \/>\n<meta name=\"twitter:card\" content=\"summary_large_image\" \/>\n<meta name=\"twitter:creator\" content=\"@jamonibericos\" \/>\n<meta name=\"twitter:site\" content=\"@jamonibericos\" \/>\n<meta name=\"twitter:label1\" content=\"Verfasst von\" \/>\n\t<meta name=\"twitter:data1\" content=\"admin\" \/>\n\t<meta name=\"twitter:label2\" content=\"Gesch\u00e4tzte Lesezeit\" \/>\n\t<meta name=\"twitter:data2\" content=\"2\u00a0Minuten\" \/>\n<script type=\"application\/ld+json\" class=\"yoast-schema-graph\">{\"@context\":\"https:\\\/\\\/schema.org\",\"@graph\":[{\"@type\":\"Article\",\"@id\":\"https:\\\/\\\/campobadajoz.es\\\/de\\\/poekeln-von-iberischem-schweineruecken\\\/#article\",\"isPartOf\":{\"@id\":\"https:\\\/\\\/campobadajoz.es\\\/de\\\/poekeln-von-iberischem-schweineruecken\\\/\"},\"author\":{\"name\":\"admin\",\"@id\":\"https:\\\/\\\/campobadajoz.es\\\/de\\\/#\\\/schema\\\/person\\\/37c446acd9f2ba0f709e833c7a1490ef\"},\"headline\":\"P\u00f6keln von iberischem Schweiner\u00fccken\",\"datePublished\":\"2023-01-14T05:40:15+00:00\",\"mainEntityOfPage\":{\"@id\":\"https:\\\/\\\/campobadajoz.es\\\/de\\\/poekeln-von-iberischem-schweineruecken\\\/\"},\"wordCount\":492,\"publisher\":{\"@id\":\"https:\\\/\\\/campobadajoz.es\\\/de\\\/#organization\"},\"image\":{\"@id\":\"https:\\\/\\\/campobadajoz.es\\\/de\\\/poekeln-von-iberischem-schweineruecken\\\/#primaryimage\"},\"thumbnailUrl\":\"https:\\\/\\\/campobadajoz.es\\\/wp-content\\\/uploads\\\/2023\\\/06\\\/depositphotos_197755198-stock-photo-black-tray-of-delicious-iberian.webp\",\"articleSection\":[\"Unkategorisiert\"],\"inLanguage\":\"de\"},{\"@type\":\"WebPage\",\"@id\":\"https:\\\/\\\/campobadajoz.es\\\/de\\\/poekeln-von-iberischem-schweineruecken\\\/\",\"url\":\"https:\\\/\\\/campobadajoz.es\\\/de\\\/poekeln-von-iberischem-schweineruecken\\\/\",\"name\":\"P\u00f6keln von iberischem Schweiner\u00fccken - Campo Badajoz\",\"isPartOf\":{\"@id\":\"https:\\\/\\\/campobadajoz.es\\\/de\\\/#website\"},\"primaryImageOfPage\":{\"@id\":\"https:\\\/\\\/campobadajoz.es\\\/de\\\/poekeln-von-iberischem-schweineruecken\\\/#primaryimage\"},\"image\":{\"@id\":\"https:\\\/\\\/campobadajoz.es\\\/de\\\/poekeln-von-iberischem-schweineruecken\\\/#primaryimage\"},\"thumbnailUrl\":\"https:\\\/\\\/campobadajoz.es\\\/wp-content\\\/uploads\\\/2023\\\/06\\\/depositphotos_197755198-stock-photo-black-tray-of-delicious-iberian.webp\",\"datePublished\":\"2023-01-14T05:40:15+00:00\",\"breadcrumb\":{\"@id\":\"https:\\\/\\\/campobadajoz.es\\\/de\\\/poekeln-von-iberischem-schweineruecken\\\/#breadcrumb\"},\"inLanguage\":\"de\",\"potentialAction\":[{\"@type\":\"ReadAction\",\"target\":[\"https:\\\/\\\/campobadajoz.es\\\/de\\\/poekeln-von-iberischem-schweineruecken\\\/\"]}]},{\"@type\":\"ImageObject\",\"inLanguage\":\"de\",\"@id\":\"https:\\\/\\\/campobadajoz.es\\\/de\\\/poekeln-von-iberischem-schweineruecken\\\/#primaryimage\",\"url\":\"https:\\\/\\\/campobadajoz.es\\\/wp-content\\\/uploads\\\/2023\\\/06\\\/depositphotos_197755198-stock-photo-black-tray-of-delicious-iberian.webp\",\"contentUrl\":\"https:\\\/\\\/campobadajoz.es\\\/wp-content\\\/uploads\\\/2023\\\/06\\\/depositphotos_197755198-stock-photo-black-tray-of-delicious-iberian.webp\",\"width\":600,\"height\":400,\"caption\":\"Curaci\u00f3n del lomo ib\u00e9rico\"},{\"@type\":\"BreadcrumbList\",\"@id\":\"https:\\\/\\\/campobadajoz.es\\\/de\\\/poekeln-von-iberischem-schweineruecken\\\/#breadcrumb\",\"itemListElement\":[{\"@type\":\"ListItem\",\"position\":1,\"name\":\"Portada\",\"item\":\"https:\\\/\\\/campobadajoz.es\\\/de\\\/\"},{\"@type\":\"ListItem\",\"position\":2,\"name\":\"P\u00f6keln von iberischem Schweiner\u00fccken\"}]},{\"@type\":\"WebSite\",\"@id\":\"https:\\\/\\\/campobadajoz.es\\\/de\\\/#website\",\"url\":\"https:\\\/\\\/campobadajoz.es\\\/de\\\/\",\"name\":\"Campo Badajoz\",\"description\":\"Productos ib\u00e9ricos de calidad\",\"publisher\":{\"@id\":\"https:\\\/\\\/campobadajoz.es\\\/de\\\/#organization\"},\"potentialAction\":[{\"@type\":\"SearchAction\",\"target\":{\"@type\":\"EntryPoint\",\"urlTemplate\":\"https:\\\/\\\/campobadajoz.es\\\/de\\\/?s={search_term_string}\"},\"query-input\":{\"@type\":\"PropertyValueSpecification\",\"valueRequired\":true,\"valueName\":\"search_term_string\"}}],\"inLanguage\":\"de\"},{\"@type\":\"Organization\",\"@id\":\"https:\\\/\\\/campobadajoz.es\\\/de\\\/#organization\",\"name\":\"Campo Badajoz\",\"url\":\"https:\\\/\\\/campobadajoz.es\\\/de\\\/\",\"logo\":{\"@type\":\"ImageObject\",\"inLanguage\":\"de\",\"@id\":\"https:\\\/\\\/campobadajoz.es\\\/de\\\/#\\\/schema\\\/logo\\\/image\\\/\",\"url\":\"https:\\\/\\\/campobadajoz.es\\\/wp-content\\\/uploads\\\/2023\\\/05\\\/logo_blanco_png-1.webp\",\"contentUrl\":\"https:\\\/\\\/campobadajoz.es\\\/wp-content\\\/uploads\\\/2023\\\/05\\\/logo_blanco_png-1.webp\",\"width\":800,\"height\":800,\"caption\":\"Campo Badajoz\"},\"image\":{\"@id\":\"https:\\\/\\\/campobadajoz.es\\\/de\\\/#\\\/schema\\\/logo\\\/image\\\/\"},\"sameAs\":[\"https:\\\/\\\/www.facebook.com\\\/campobadajoz.ibericodecampo\\\/\",\"https:\\\/\\\/x.com\\\/jamonibericos\",\"https:\\\/\\\/www.linkedin.com\\\/company\\\/campo-&-badajoz\\\/about\\\/\",\"https:\\\/\\\/www.instagram.com\\\/campobadajoz\\\/\"]},{\"@type\":\"Person\",\"@id\":\"https:\\\/\\\/campobadajoz.es\\\/de\\\/#\\\/schema\\\/person\\\/37c446acd9f2ba0f709e833c7a1490ef\",\"name\":\"admin\",\"image\":{\"@type\":\"ImageObject\",\"inLanguage\":\"de\",\"@id\":\"https:\\\/\\\/secure.gravatar.com\\\/avatar\\\/ada19a629247a62bceb166937da905f8fe69504f0ed4b6773688ebbb0514eb44?s=96&d=mm&r=g\",\"url\":\"https:\\\/\\\/secure.gravatar.com\\\/avatar\\\/ada19a629247a62bceb166937da905f8fe69504f0ed4b6773688ebbb0514eb44?s=96&d=mm&r=g\",\"contentUrl\":\"https:\\\/\\\/secure.gravatar.com\\\/avatar\\\/ada19a629247a62bceb166937da905f8fe69504f0ed4b6773688ebbb0514eb44?s=96&d=mm&r=g\",\"caption\":\"admin\"},\"url\":\"https:\\\/\\\/campobadajoz.es\\\/de\\\/author\\\/hosting_obe2tv4t\\\/\"}]}<\/script>\n<!-- \/ Yoast SEO plugin. -->","yoast_head_json":{"title":"P\u00f6keln von iberischem Schweiner\u00fccken - Campo Badajoz","robots":{"index":"index","follow":"follow","max-snippet":"max-snippet:-1","max-image-preview":"max-image-preview:large","max-video-preview":"max-video-preview:-1"},"canonical":"https:\/\/campobadajoz.es\/de\/poekeln-von-iberischem-schweineruecken\/","og_locale":"de_DE","og_type":"article","og_title":"P\u00f6keln von iberischem Schweiner\u00fccken - Campo Badajoz","og_description":"Die iberische Schweinelende ist eines der am meisten gesch\u00e4tzten Produkte der spanischen Gastronomie. Seine Reifung ist ein handwerkliches Verfahren, das seinen Geschmack und seine Textur verbessert und ihn zu einem echten kulinarischen Genuss macht.","og_url":"https:\/\/campobadajoz.es\/de\/poekeln-von-iberischem-schweineruecken\/","og_site_name":"Campo Badajoz","article_publisher":"https:\/\/www.facebook.com\/campobadajoz.ibericodecampo\/","article_published_time":"2023-01-14T05:40:15+00:00","og_image":[{"width":2560,"height":1707,"url":"https:\/\/campobadajoz.es\/wp-content\/uploads\/2023\/06\/AdobeStock_320784754-scaled.webp","type":"image\/webp"}],"author":"admin","twitter_card":"summary_large_image","twitter_creator":"@jamonibericos","twitter_site":"@jamonibericos","twitter_misc":{"Verfasst von":"admin","Gesch\u00e4tzte Lesezeit":"2\u00a0Minuten"},"schema":{"@context":"https:\/\/schema.org","@graph":[{"@type":"Article","@id":"https:\/\/campobadajoz.es\/de\/poekeln-von-iberischem-schweineruecken\/#article","isPartOf":{"@id":"https:\/\/campobadajoz.es\/de\/poekeln-von-iberischem-schweineruecken\/"},"author":{"name":"admin","@id":"https:\/\/campobadajoz.es\/de\/#\/schema\/person\/37c446acd9f2ba0f709e833c7a1490ef"},"headline":"P\u00f6keln von iberischem Schweiner\u00fccken","datePublished":"2023-01-14T05:40:15+00:00","mainEntityOfPage":{"@id":"https:\/\/campobadajoz.es\/de\/poekeln-von-iberischem-schweineruecken\/"},"wordCount":492,"publisher":{"@id":"https:\/\/campobadajoz.es\/de\/#organization"},"image":{"@id":"https:\/\/campobadajoz.es\/de\/poekeln-von-iberischem-schweineruecken\/#primaryimage"},"thumbnailUrl":"https:\/\/campobadajoz.es\/wp-content\/uploads\/2023\/06\/depositphotos_197755198-stock-photo-black-tray-of-delicious-iberian.webp","articleSection":["Unkategorisiert"],"inLanguage":"de"},{"@type":"WebPage","@id":"https:\/\/campobadajoz.es\/de\/poekeln-von-iberischem-schweineruecken\/","url":"https:\/\/campobadajoz.es\/de\/poekeln-von-iberischem-schweineruecken\/","name":"P\u00f6keln von iberischem Schweiner\u00fccken - Campo Badajoz","isPartOf":{"@id":"https:\/\/campobadajoz.es\/de\/#website"},"primaryImageOfPage":{"@id":"https:\/\/campobadajoz.es\/de\/poekeln-von-iberischem-schweineruecken\/#primaryimage"},"image":{"@id":"https:\/\/campobadajoz.es\/de\/poekeln-von-iberischem-schweineruecken\/#primaryimage"},"thumbnailUrl":"https:\/\/campobadajoz.es\/wp-content\/uploads\/2023\/06\/depositphotos_197755198-stock-photo-black-tray-of-delicious-iberian.webp","datePublished":"2023-01-14T05:40:15+00:00","breadcrumb":{"@id":"https:\/\/campobadajoz.es\/de\/poekeln-von-iberischem-schweineruecken\/#breadcrumb"},"inLanguage":"de","potentialAction":[{"@type":"ReadAction","target":["https:\/\/campobadajoz.es\/de\/poekeln-von-iberischem-schweineruecken\/"]}]},{"@type":"ImageObject","inLanguage":"de","@id":"https:\/\/campobadajoz.es\/de\/poekeln-von-iberischem-schweineruecken\/#primaryimage","url":"https:\/\/campobadajoz.es\/wp-content\/uploads\/2023\/06\/depositphotos_197755198-stock-photo-black-tray-of-delicious-iberian.webp","contentUrl":"https:\/\/campobadajoz.es\/wp-content\/uploads\/2023\/06\/depositphotos_197755198-stock-photo-black-tray-of-delicious-iberian.webp","width":600,"height":400,"caption":"Curaci\u00f3n del lomo ib\u00e9rico"},{"@type":"BreadcrumbList","@id":"https:\/\/campobadajoz.es\/de\/poekeln-von-iberischem-schweineruecken\/#breadcrumb","itemListElement":[{"@type":"ListItem","position":1,"name":"Portada","item":"https:\/\/campobadajoz.es\/de\/"},{"@type":"ListItem","position":2,"name":"P\u00f6keln von iberischem Schweiner\u00fccken"}]},{"@type":"WebSite","@id":"https:\/\/campobadajoz.es\/de\/#website","url":"https:\/\/campobadajoz.es\/de\/","name":"Campo Badajoz","description":"Productos ib\u00e9ricos de calidad","publisher":{"@id":"https:\/\/campobadajoz.es\/de\/#organization"},"potentialAction":[{"@type":"SearchAction","target":{"@type":"EntryPoint","urlTemplate":"https:\/\/campobadajoz.es\/de\/?s={search_term_string}"},"query-input":{"@type":"PropertyValueSpecification","valueRequired":true,"valueName":"search_term_string"}}],"inLanguage":"de"},{"@type":"Organization","@id":"https:\/\/campobadajoz.es\/de\/#organization","name":"Campo Badajoz","url":"https:\/\/campobadajoz.es\/de\/","logo":{"@type":"ImageObject","inLanguage":"de","@id":"https:\/\/campobadajoz.es\/de\/#\/schema\/logo\/image\/","url":"https:\/\/campobadajoz.es\/wp-content\/uploads\/2023\/05\/logo_blanco_png-1.webp","contentUrl":"https:\/\/campobadajoz.es\/wp-content\/uploads\/2023\/05\/logo_blanco_png-1.webp","width":800,"height":800,"caption":"Campo Badajoz"},"image":{"@id":"https:\/\/campobadajoz.es\/de\/#\/schema\/logo\/image\/"},"sameAs":["https:\/\/www.facebook.com\/campobadajoz.ibericodecampo\/","https:\/\/x.com\/jamonibericos","https:\/\/www.linkedin.com\/company\/campo-&-badajoz\/about\/","https:\/\/www.instagram.com\/campobadajoz\/"]},{"@type":"Person","@id":"https:\/\/campobadajoz.es\/de\/#\/schema\/person\/37c446acd9f2ba0f709e833c7a1490ef","name":"admin","image":{"@type":"ImageObject","inLanguage":"de","@id":"https:\/\/secure.gravatar.com\/avatar\/ada19a629247a62bceb166937da905f8fe69504f0ed4b6773688ebbb0514eb44?s=96&d=mm&r=g","url":"https:\/\/secure.gravatar.com\/avatar\/ada19a629247a62bceb166937da905f8fe69504f0ed4b6773688ebbb0514eb44?s=96&d=mm&r=g","contentUrl":"https:\/\/secure.gravatar.com\/avatar\/ada19a629247a62bceb166937da905f8fe69504f0ed4b6773688ebbb0514eb44?s=96&d=mm&r=g","caption":"admin"},"url":"https:\/\/campobadajoz.es\/de\/author\/hosting_obe2tv4t\/"}]}},"_links":{"self":[{"href":"https:\/\/campobadajoz.es\/de\/wp-json\/wp\/v2\/posts\/2861","targetHints":{"allow":["GET"]}}],"collection":[{"href":"https:\/\/campobadajoz.es\/de\/wp-json\/wp\/v2\/posts"}],"about":[{"href":"https:\/\/campobadajoz.es\/de\/wp-json\/wp\/v2\/types\/post"}],"author":[{"embeddable":true,"href":"https:\/\/campobadajoz.es\/de\/wp-json\/wp\/v2\/users\/1"}],"replies":[{"embeddable":true,"href":"https:\/\/campobadajoz.es\/de\/wp-json\/wp\/v2\/comments?post=2861"}],"version-history":[{"count":0,"href":"https:\/\/campobadajoz.es\/de\/wp-json\/wp\/v2\/posts\/2861\/revisions"}],"wp:featuredmedia":[{"embeddable":true,"href":"https:\/\/campobadajoz.es\/de\/wp-json\/wp\/v2\/media\/1423"}],"wp:attachment":[{"href":"https:\/\/campobadajoz.es\/de\/wp-json\/wp\/v2\/media?parent=2861"}],"wp:term":[{"taxonomy":"category","embeddable":true,"href":"https:\/\/campobadajoz.es\/de\/wp-json\/wp\/v2\/categories?post=2861"},{"taxonomy":"post_tag","embeddable":true,"href":"https:\/\/campobadajoz.es\/de\/wp-json\/wp\/v2\/tags?post=2861"}],"curies":[{"name":"wp","href":"https:\/\/api.w.org\/{rel}","templated":true}]}}