{"id":2839,"date":"2023-05-15T14:42:48","date_gmt":"2023-05-15T14:42:48","guid":{"rendered":"https:\/\/campobadajoz.es\/aeceriber-affirme-que-lespagne-ne-restera-pas-sans-manger-de-jambon-iberique\/"},"modified":"2023-05-15T14:42:48","modified_gmt":"2023-05-15T14:42:48","slug":"aeceriber-affirme-que-lespagne-ne-restera-pas-sans-manger-de-jambon-iberique","status":"publish","type":"post","link":"https:\/\/campobadajoz.es\/fr\/aeceriber-affirme-que-lespagne-ne-restera-pas-sans-manger-de-jambon-iberique\/","title":{"rendered":"Aeceriber affirme que l&rsquo;Espagne ne restera pas sans manger de jambon ib\u00e9rique"},"content":{"rendered":"<p>Au cours des derniers mois, des sp\u00e9culations ont \u00e9t\u00e9 \u00e9mises sur le fait que la production de jambon ib\u00e9rique pourrait \u00eatre affect\u00e9e par diff\u00e9rents facteurs, tels que la p\u00e9nurie de mati\u00e8res premi\u00e8res et les conditions climatiques. Cependant, Aeceriber s&rsquo;est oppos\u00e9 \u00e0 ces inqui\u00e9tudes pour rassurer les amateurs de jambon ib\u00e9rique de tout le pays.<\/p>\n<p>Selon le communiqu\u00e9, Aeceriber a travaill\u00e9 en \u00e9troite collaboration avec les producteurs et les \u00e9leveurs de porcs ib\u00e9riques afin de garantir un approvisionnement constant en jambon ib\u00e9rique de haute qualit\u00e9. Ils ont mis en \u0153uvre des mesures visant \u00e0 renforcer la cha\u00eene d&rsquo;approvisionnement et \u00e0 garantir la viabilit\u00e9 \u00e0 long terme de l&rsquo;industrie du jambon ib\u00e9rique en Espagne.<\/p>\n<p>\u00ab\u00a0<strong>Nous voulons envoyer un message de tranquillit\u00e9 \u00e0 tous les consommateurs de jambon ib\u00e9rique en Espagne. Il n&rsquo;y a aucune raison de s&rsquo;inqui\u00e9ter de l&rsquo;absence de ce produit tr\u00e8s pris\u00e9 dans notre gastronomie<\/strong>\u00ab\u00a0, a d\u00e9clar\u00e9 le porte-parole d&rsquo;Aeceriber. \u00ab\u00a0Les \u00e9leveurs de porcs ib\u00e9riques et les producteurs de jambon se sont engag\u00e9s \u00e0 garantir un approvisionnement continu et \u00e0 satisfaire la demande croissante de ce mets d\u00e9licat.<\/p>\n<p>Le jambon ib\u00e9rique est l&rsquo;un des piliers de la gastronomie espagnole et sa consommation, tant au niveau national qu&rsquo;international, n&rsquo;a cess\u00e9 d&rsquo;augmenter ces derni\u00e8res ann\u00e9es. Son go\u00fbt unique et sa qualit\u00e9 exceptionnelle en font un v\u00e9ritable tr\u00e9sor culinaire.<\/p>\n<p>M. Aeceriber a \u00e9galement soulign\u00e9 l&rsquo;importance de soutenir les producteurs et les \u00e9leveurs locaux, qui jouent un r\u00f4le fondamental dans la pr\u00e9servation de la tradition et de la qualit\u00e9 du jambon ib\u00e9rique. Ils ont \u00e9galement invit\u00e9 les consommateurs \u00e0 s&rsquo;informer sur les diff\u00e9rentes cat\u00e9gories et labels de qualit\u00e9 du jambon ib\u00e9rique afin de faire des choix r\u00e9fl\u00e9chis et de profiter pleinement de cette d\u00e9licatesse gastronomique.<\/p>\n<p>En r\u00e9sum\u00e9, Aeceriber assure aux amateurs de jambon ib\u00e9rique que l&rsquo;Espagne ne sera pas priv\u00e9e de cette d\u00e9licatesse. L&rsquo;association souligne le d\u00e9vouement et l&rsquo;engagement des \u00e9leveurs et des producteurs pour maintenir l&rsquo;offre de jambon ib\u00e9rique et r\u00e9pondre \u00e0 la demande croissante des consommateurs. Les saveurs et la tradition du jambon ib\u00e9rique continueront \u00e0 ravir les palais en Espagne et au-del\u00e0.<\/p>\n","protected":false},"excerpt":{"rendered":"<p>Dans un communiqu\u00e9 publi\u00e9 aujourd&rsquo;hui, l&rsquo;Association espagnole des \u00e9leveurs de porcs ib\u00e9riques (Aeceriber) a fermement d\u00e9clar\u00e9 que l&rsquo;approvisionnement en jambon ib\u00e9rique en Espagne est assur\u00e9 et qu&rsquo;il n&rsquo;y aura pas de p\u00e9nurie de ce mets exquis.<\/p>\n","protected":false},"author":1,"featured_media":2161,"comment_status":"closed","ping_status":"closed","sticky":false,"template":"","format":"standard","meta":{"_acf_changed":false,"footnotes":""},"categories":[69],"tags":[],"class_list":["post-2839","post","type-post","status-publish","format-standard","has-post-thumbnail","hentry","category-non-classifiee"],"acf":[],"yoast_head":"<!-- This site is optimized with the Yoast SEO plugin v27.4 - https:\/\/yoast.com\/product\/yoast-seo-wordpress\/ -->\n<title>Aeceriber affirme que l&#039;Espagne ne restera pas sans manger de jambon ib\u00e9rique - Campo Badajoz<\/title>\n<meta name=\"robots\" content=\"index, follow, max-snippet:-1, max-image-preview:large, max-video-preview:-1\" \/>\n<link rel=\"canonical\" href=\"https:\/\/campobadajoz.es\/fr\/aeceriber-affirme-que-lespagne-ne-restera-pas-sans-manger-de-jambon-iberique\/\" \/>\n<meta property=\"og:locale\" content=\"fr_FR\" \/>\n<meta property=\"og:type\" content=\"article\" \/>\n<meta property=\"og:title\" content=\"Aeceriber affirme que l&#039;Espagne ne restera pas sans manger de jambon ib\u00e9rique - Campo Badajoz\" \/>\n<meta property=\"og:description\" content=\"Dans un communiqu\u00e9 publi\u00e9 aujourd&#039;hui, l&#039;Association espagnole des \u00e9leveurs de porcs ib\u00e9riques (Aeceriber) a fermement d\u00e9clar\u00e9 que l&#039;approvisionnement en jambon ib\u00e9rique en Espagne est assur\u00e9 et qu&#039;il n&#039;y aura pas de p\u00e9nurie de ce mets exquis.\" \/>\n<meta property=\"og:url\" content=\"https:\/\/campobadajoz.es\/fr\/aeceriber-affirme-que-lespagne-ne-restera-pas-sans-manger-de-jambon-iberique\/\" \/>\n<meta property=\"og:site_name\" content=\"Campo Badajoz\" \/>\n<meta property=\"article:publisher\" content=\"https:\/\/www.facebook.com\/campobadajoz.ibericodecampo\/\" \/>\n<meta property=\"article:published_time\" content=\"2023-05-15T14:42:48+00:00\" \/>\n<meta property=\"og:image\" content=\"https:\/\/campobadajoz.es\/wp-content\/uploads\/2023\/06\/AdobeStock_130650104-1-scaled.webp\" \/>\n\t<meta property=\"og:image:width\" content=\"2560\" \/>\n\t<meta property=\"og:image:height\" content=\"1707\" \/>\n\t<meta property=\"og:image:type\" content=\"image\/webp\" \/>\n<meta name=\"author\" content=\"admin\" \/>\n<meta name=\"twitter:card\" content=\"summary_large_image\" \/>\n<meta name=\"twitter:creator\" content=\"@jamonibericos\" \/>\n<meta name=\"twitter:site\" content=\"@jamonibericos\" \/>\n<meta name=\"twitter:label1\" content=\"\u00c9crit par\" \/>\n\t<meta name=\"twitter:data1\" content=\"admin\" \/>\n\t<meta name=\"twitter:label2\" content=\"Dur\u00e9e de lecture estim\u00e9e\" \/>\n\t<meta name=\"twitter:data2\" content=\"2 minutes\" \/>\n<script type=\"application\/ld+json\" class=\"yoast-schema-graph\">{\"@context\":\"https:\\\/\\\/schema.org\",\"@graph\":[{\"@type\":\"Article\",\"@id\":\"https:\\\/\\\/campobadajoz.es\\\/fr\\\/aeceriber-affirme-que-lespagne-ne-restera-pas-sans-manger-de-jambon-iberique\\\/#article\",\"isPartOf\":{\"@id\":\"https:\\\/\\\/campobadajoz.es\\\/fr\\\/aeceriber-affirme-que-lespagne-ne-restera-pas-sans-manger-de-jambon-iberique\\\/\"},\"author\":{\"name\":\"admin\",\"@id\":\"https:\\\/\\\/campobadajoz.es\\\/fr\\\/#\\\/schema\\\/person\\\/37c446acd9f2ba0f709e833c7a1490ef\"},\"headline\":\"Aeceriber affirme que l&rsquo;Espagne ne restera pas sans manger de jambon ib\u00e9rique\",\"datePublished\":\"2023-05-15T14:42:48+00:00\",\"mainEntityOfPage\":{\"@id\":\"https:\\\/\\\/campobadajoz.es\\\/fr\\\/aeceriber-affirme-que-lespagne-ne-restera-pas-sans-manger-de-jambon-iberique\\\/\"},\"wordCount\":405,\"publisher\":{\"@id\":\"https:\\\/\\\/campobadajoz.es\\\/fr\\\/#organization\"},\"image\":{\"@id\":\"https:\\\/\\\/campobadajoz.es\\\/fr\\\/aeceriber-affirme-que-lespagne-ne-restera-pas-sans-manger-de-jambon-iberique\\\/#primaryimage\"},\"thumbnailUrl\":\"https:\\\/\\\/campobadajoz.es\\\/wp-content\\\/uploads\\\/2023\\\/06\\\/AdobeStock_130650104-1-scaled.webp\",\"articleSection\":[\"Non classifi\u00e9(e)\"],\"inLanguage\":\"fr-FR\"},{\"@type\":\"WebPage\",\"@id\":\"https:\\\/\\\/campobadajoz.es\\\/fr\\\/aeceriber-affirme-que-lespagne-ne-restera-pas-sans-manger-de-jambon-iberique\\\/\",\"url\":\"https:\\\/\\\/campobadajoz.es\\\/fr\\\/aeceriber-affirme-que-lespagne-ne-restera-pas-sans-manger-de-jambon-iberique\\\/\",\"name\":\"Aeceriber affirme que l'Espagne ne restera pas sans manger de jambon ib\u00e9rique - Campo Badajoz\",\"isPartOf\":{\"@id\":\"https:\\\/\\\/campobadajoz.es\\\/fr\\\/#website\"},\"primaryImageOfPage\":{\"@id\":\"https:\\\/\\\/campobadajoz.es\\\/fr\\\/aeceriber-affirme-que-lespagne-ne-restera-pas-sans-manger-de-jambon-iberique\\\/#primaryimage\"},\"image\":{\"@id\":\"https:\\\/\\\/campobadajoz.es\\\/fr\\\/aeceriber-affirme-que-lespagne-ne-restera-pas-sans-manger-de-jambon-iberique\\\/#primaryimage\"},\"thumbnailUrl\":\"https:\\\/\\\/campobadajoz.es\\\/wp-content\\\/uploads\\\/2023\\\/06\\\/AdobeStock_130650104-1-scaled.webp\",\"datePublished\":\"2023-05-15T14:42:48+00:00\",\"breadcrumb\":{\"@id\":\"https:\\\/\\\/campobadajoz.es\\\/fr\\\/aeceriber-affirme-que-lespagne-ne-restera-pas-sans-manger-de-jambon-iberique\\\/#breadcrumb\"},\"inLanguage\":\"fr-FR\",\"potentialAction\":[{\"@type\":\"ReadAction\",\"target\":[\"https:\\\/\\\/campobadajoz.es\\\/fr\\\/aeceriber-affirme-que-lespagne-ne-restera-pas-sans-manger-de-jambon-iberique\\\/\"]}]},{\"@type\":\"ImageObject\",\"inLanguage\":\"fr-FR\",\"@id\":\"https:\\\/\\\/campobadajoz.es\\\/fr\\\/aeceriber-affirme-que-lespagne-ne-restera-pas-sans-manger-de-jambon-iberique\\\/#primaryimage\",\"url\":\"https:\\\/\\\/campobadajoz.es\\\/wp-content\\\/uploads\\\/2023\\\/06\\\/AdobeStock_130650104-1-scaled.webp\",\"contentUrl\":\"https:\\\/\\\/campobadajoz.es\\\/wp-content\\\/uploads\\\/2023\\\/06\\\/AdobeStock_130650104-1-scaled.webp\",\"width\":2560,\"height\":1707,\"caption\":\"Dehesa Extreme\u00f1a Cerdos\"},{\"@type\":\"BreadcrumbList\",\"@id\":\"https:\\\/\\\/campobadajoz.es\\\/fr\\\/aeceriber-affirme-que-lespagne-ne-restera-pas-sans-manger-de-jambon-iberique\\\/#breadcrumb\",\"itemListElement\":[{\"@type\":\"ListItem\",\"position\":1,\"name\":\"Portada\",\"item\":\"https:\\\/\\\/campobadajoz.es\\\/fr\\\/\"},{\"@type\":\"ListItem\",\"position\":2,\"name\":\"Aeceriber affirme que l&#8217;Espagne ne restera pas sans manger de jambon ib\u00e9rique\"}]},{\"@type\":\"WebSite\",\"@id\":\"https:\\\/\\\/campobadajoz.es\\\/fr\\\/#website\",\"url\":\"https:\\\/\\\/campobadajoz.es\\\/fr\\\/\",\"name\":\"Campo Badajoz\",\"description\":\"Productos ib\u00e9ricos de calidad\",\"publisher\":{\"@id\":\"https:\\\/\\\/campobadajoz.es\\\/fr\\\/#organization\"},\"potentialAction\":[{\"@type\":\"SearchAction\",\"target\":{\"@type\":\"EntryPoint\",\"urlTemplate\":\"https:\\\/\\\/campobadajoz.es\\\/fr\\\/?s={search_term_string}\"},\"query-input\":{\"@type\":\"PropertyValueSpecification\",\"valueRequired\":true,\"valueName\":\"search_term_string\"}}],\"inLanguage\":\"fr-FR\"},{\"@type\":\"Organization\",\"@id\":\"https:\\\/\\\/campobadajoz.es\\\/fr\\\/#organization\",\"name\":\"Campo Badajoz\",\"url\":\"https:\\\/\\\/campobadajoz.es\\\/fr\\\/\",\"logo\":{\"@type\":\"ImageObject\",\"inLanguage\":\"fr-FR\",\"@id\":\"https:\\\/\\\/campobadajoz.es\\\/fr\\\/#\\\/schema\\\/logo\\\/image\\\/\",\"url\":\"https:\\\/\\\/campobadajoz.es\\\/wp-content\\\/uploads\\\/2023\\\/05\\\/logo_blanco_png-1.webp\",\"contentUrl\":\"https:\\\/\\\/campobadajoz.es\\\/wp-content\\\/uploads\\\/2023\\\/05\\\/logo_blanco_png-1.webp\",\"width\":800,\"height\":800,\"caption\":\"Campo Badajoz\"},\"image\":{\"@id\":\"https:\\\/\\\/campobadajoz.es\\\/fr\\\/#\\\/schema\\\/logo\\\/image\\\/\"},\"sameAs\":[\"https:\\\/\\\/www.facebook.com\\\/campobadajoz.ibericodecampo\\\/\",\"https:\\\/\\\/x.com\\\/jamonibericos\",\"https:\\\/\\\/www.linkedin.com\\\/company\\\/campo-&-badajoz\\\/about\\\/\",\"https:\\\/\\\/www.instagram.com\\\/campobadajoz\\\/\"]},{\"@type\":\"Person\",\"@id\":\"https:\\\/\\\/campobadajoz.es\\\/fr\\\/#\\\/schema\\\/person\\\/37c446acd9f2ba0f709e833c7a1490ef\",\"name\":\"admin\",\"image\":{\"@type\":\"ImageObject\",\"inLanguage\":\"fr-FR\",\"@id\":\"https:\\\/\\\/secure.gravatar.com\\\/avatar\\\/ada19a629247a62bceb166937da905f8fe69504f0ed4b6773688ebbb0514eb44?s=96&d=mm&r=g\",\"url\":\"https:\\\/\\\/secure.gravatar.com\\\/avatar\\\/ada19a629247a62bceb166937da905f8fe69504f0ed4b6773688ebbb0514eb44?s=96&d=mm&r=g\",\"contentUrl\":\"https:\\\/\\\/secure.gravatar.com\\\/avatar\\\/ada19a629247a62bceb166937da905f8fe69504f0ed4b6773688ebbb0514eb44?s=96&d=mm&r=g\",\"caption\":\"admin\"},\"url\":\"https:\\\/\\\/campobadajoz.es\\\/fr\\\/author\\\/hosting_obe2tv4t\\\/\"}]}<\/script>\n<!-- \/ Yoast SEO plugin. -->","yoast_head_json":{"title":"Aeceriber affirme que l'Espagne ne restera pas sans manger de jambon ib\u00e9rique - Campo Badajoz","robots":{"index":"index","follow":"follow","max-snippet":"max-snippet:-1","max-image-preview":"max-image-preview:large","max-video-preview":"max-video-preview:-1"},"canonical":"https:\/\/campobadajoz.es\/fr\/aeceriber-affirme-que-lespagne-ne-restera-pas-sans-manger-de-jambon-iberique\/","og_locale":"fr_FR","og_type":"article","og_title":"Aeceriber affirme que l'Espagne ne restera pas sans manger de jambon ib\u00e9rique - Campo Badajoz","og_description":"Dans un communiqu\u00e9 publi\u00e9 aujourd'hui, l'Association espagnole des \u00e9leveurs de porcs ib\u00e9riques (Aeceriber) a fermement d\u00e9clar\u00e9 que l'approvisionnement en jambon ib\u00e9rique en Espagne est assur\u00e9 et qu'il n'y aura pas de p\u00e9nurie de ce mets exquis.","og_url":"https:\/\/campobadajoz.es\/fr\/aeceriber-affirme-que-lespagne-ne-restera-pas-sans-manger-de-jambon-iberique\/","og_site_name":"Campo Badajoz","article_publisher":"https:\/\/www.facebook.com\/campobadajoz.ibericodecampo\/","article_published_time":"2023-05-15T14:42:48+00:00","og_image":[{"width":2560,"height":1707,"url":"https:\/\/campobadajoz.es\/wp-content\/uploads\/2023\/06\/AdobeStock_130650104-1-scaled.webp","type":"image\/webp"}],"author":"admin","twitter_card":"summary_large_image","twitter_creator":"@jamonibericos","twitter_site":"@jamonibericos","twitter_misc":{"\u00c9crit par":"admin","Dur\u00e9e de lecture estim\u00e9e":"2 minutes"},"schema":{"@context":"https:\/\/schema.org","@graph":[{"@type":"Article","@id":"https:\/\/campobadajoz.es\/fr\/aeceriber-affirme-que-lespagne-ne-restera-pas-sans-manger-de-jambon-iberique\/#article","isPartOf":{"@id":"https:\/\/campobadajoz.es\/fr\/aeceriber-affirme-que-lespagne-ne-restera-pas-sans-manger-de-jambon-iberique\/"},"author":{"name":"admin","@id":"https:\/\/campobadajoz.es\/fr\/#\/schema\/person\/37c446acd9f2ba0f709e833c7a1490ef"},"headline":"Aeceriber affirme que l&rsquo;Espagne ne restera pas sans manger de jambon ib\u00e9rique","datePublished":"2023-05-15T14:42:48+00:00","mainEntityOfPage":{"@id":"https:\/\/campobadajoz.es\/fr\/aeceriber-affirme-que-lespagne-ne-restera-pas-sans-manger-de-jambon-iberique\/"},"wordCount":405,"publisher":{"@id":"https:\/\/campobadajoz.es\/fr\/#organization"},"image":{"@id":"https:\/\/campobadajoz.es\/fr\/aeceriber-affirme-que-lespagne-ne-restera-pas-sans-manger-de-jambon-iberique\/#primaryimage"},"thumbnailUrl":"https:\/\/campobadajoz.es\/wp-content\/uploads\/2023\/06\/AdobeStock_130650104-1-scaled.webp","articleSection":["Non classifi\u00e9(e)"],"inLanguage":"fr-FR"},{"@type":"WebPage","@id":"https:\/\/campobadajoz.es\/fr\/aeceriber-affirme-que-lespagne-ne-restera-pas-sans-manger-de-jambon-iberique\/","url":"https:\/\/campobadajoz.es\/fr\/aeceriber-affirme-que-lespagne-ne-restera-pas-sans-manger-de-jambon-iberique\/","name":"Aeceriber affirme que l'Espagne ne restera pas sans manger de jambon ib\u00e9rique - Campo Badajoz","isPartOf":{"@id":"https:\/\/campobadajoz.es\/fr\/#website"},"primaryImageOfPage":{"@id":"https:\/\/campobadajoz.es\/fr\/aeceriber-affirme-que-lespagne-ne-restera-pas-sans-manger-de-jambon-iberique\/#primaryimage"},"image":{"@id":"https:\/\/campobadajoz.es\/fr\/aeceriber-affirme-que-lespagne-ne-restera-pas-sans-manger-de-jambon-iberique\/#primaryimage"},"thumbnailUrl":"https:\/\/campobadajoz.es\/wp-content\/uploads\/2023\/06\/AdobeStock_130650104-1-scaled.webp","datePublished":"2023-05-15T14:42:48+00:00","breadcrumb":{"@id":"https:\/\/campobadajoz.es\/fr\/aeceriber-affirme-que-lespagne-ne-restera-pas-sans-manger-de-jambon-iberique\/#breadcrumb"},"inLanguage":"fr-FR","potentialAction":[{"@type":"ReadAction","target":["https:\/\/campobadajoz.es\/fr\/aeceriber-affirme-que-lespagne-ne-restera-pas-sans-manger-de-jambon-iberique\/"]}]},{"@type":"ImageObject","inLanguage":"fr-FR","@id":"https:\/\/campobadajoz.es\/fr\/aeceriber-affirme-que-lespagne-ne-restera-pas-sans-manger-de-jambon-iberique\/#primaryimage","url":"https:\/\/campobadajoz.es\/wp-content\/uploads\/2023\/06\/AdobeStock_130650104-1-scaled.webp","contentUrl":"https:\/\/campobadajoz.es\/wp-content\/uploads\/2023\/06\/AdobeStock_130650104-1-scaled.webp","width":2560,"height":1707,"caption":"Dehesa Extreme\u00f1a Cerdos"},{"@type":"BreadcrumbList","@id":"https:\/\/campobadajoz.es\/fr\/aeceriber-affirme-que-lespagne-ne-restera-pas-sans-manger-de-jambon-iberique\/#breadcrumb","itemListElement":[{"@type":"ListItem","position":1,"name":"Portada","item":"https:\/\/campobadajoz.es\/fr\/"},{"@type":"ListItem","position":2,"name":"Aeceriber affirme que l&#8217;Espagne ne restera pas sans manger de jambon ib\u00e9rique"}]},{"@type":"WebSite","@id":"https:\/\/campobadajoz.es\/fr\/#website","url":"https:\/\/campobadajoz.es\/fr\/","name":"Campo Badajoz","description":"Productos ib\u00e9ricos de calidad","publisher":{"@id":"https:\/\/campobadajoz.es\/fr\/#organization"},"potentialAction":[{"@type":"SearchAction","target":{"@type":"EntryPoint","urlTemplate":"https:\/\/campobadajoz.es\/fr\/?s={search_term_string}"},"query-input":{"@type":"PropertyValueSpecification","valueRequired":true,"valueName":"search_term_string"}}],"inLanguage":"fr-FR"},{"@type":"Organization","@id":"https:\/\/campobadajoz.es\/fr\/#organization","name":"Campo Badajoz","url":"https:\/\/campobadajoz.es\/fr\/","logo":{"@type":"ImageObject","inLanguage":"fr-FR","@id":"https:\/\/campobadajoz.es\/fr\/#\/schema\/logo\/image\/","url":"https:\/\/campobadajoz.es\/wp-content\/uploads\/2023\/05\/logo_blanco_png-1.webp","contentUrl":"https:\/\/campobadajoz.es\/wp-content\/uploads\/2023\/05\/logo_blanco_png-1.webp","width":800,"height":800,"caption":"Campo Badajoz"},"image":{"@id":"https:\/\/campobadajoz.es\/fr\/#\/schema\/logo\/image\/"},"sameAs":["https:\/\/www.facebook.com\/campobadajoz.ibericodecampo\/","https:\/\/x.com\/jamonibericos","https:\/\/www.linkedin.com\/company\/campo-&-badajoz\/about\/","https:\/\/www.instagram.com\/campobadajoz\/"]},{"@type":"Person","@id":"https:\/\/campobadajoz.es\/fr\/#\/schema\/person\/37c446acd9f2ba0f709e833c7a1490ef","name":"admin","image":{"@type":"ImageObject","inLanguage":"fr-FR","@id":"https:\/\/secure.gravatar.com\/avatar\/ada19a629247a62bceb166937da905f8fe69504f0ed4b6773688ebbb0514eb44?s=96&d=mm&r=g","url":"https:\/\/secure.gravatar.com\/avatar\/ada19a629247a62bceb166937da905f8fe69504f0ed4b6773688ebbb0514eb44?s=96&d=mm&r=g","contentUrl":"https:\/\/secure.gravatar.com\/avatar\/ada19a629247a62bceb166937da905f8fe69504f0ed4b6773688ebbb0514eb44?s=96&d=mm&r=g","caption":"admin"},"url":"https:\/\/campobadajoz.es\/fr\/author\/hosting_obe2tv4t\/"}]}},"_links":{"self":[{"href":"https:\/\/campobadajoz.es\/fr\/wp-json\/wp\/v2\/posts\/2839","targetHints":{"allow":["GET"]}}],"collection":[{"href":"https:\/\/campobadajoz.es\/fr\/wp-json\/wp\/v2\/posts"}],"about":[{"href":"https:\/\/campobadajoz.es\/fr\/wp-json\/wp\/v2\/types\/post"}],"author":[{"embeddable":true,"href":"https:\/\/campobadajoz.es\/fr\/wp-json\/wp\/v2\/users\/1"}],"replies":[{"embeddable":true,"href":"https:\/\/campobadajoz.es\/fr\/wp-json\/wp\/v2\/comments?post=2839"}],"version-history":[{"count":0,"href":"https:\/\/campobadajoz.es\/fr\/wp-json\/wp\/v2\/posts\/2839\/revisions"}],"wp:featuredmedia":[{"embeddable":true,"href":"https:\/\/campobadajoz.es\/fr\/wp-json\/wp\/v2\/media\/2161"}],"wp:attachment":[{"href":"https:\/\/campobadajoz.es\/fr\/wp-json\/wp\/v2\/media?parent=2839"}],"wp:term":[{"taxonomy":"category","embeddable":true,"href":"https:\/\/campobadajoz.es\/fr\/wp-json\/wp\/v2\/categories?post=2839"},{"taxonomy":"post_tag","embeddable":true,"href":"https:\/\/campobadajoz.es\/fr\/wp-json\/wp\/v2\/tags?post=2839"}],"curies":[{"name":"wp","href":"https:\/\/api.w.org\/{rel}","templated":true}]}}