{"id":2853,"date":"2023-02-24T05:36:07","date_gmt":"2023-02-24T05:36:07","guid":{"rendered":"https:\/\/campobadajoz.es\/la-purete-du-porc-iberique\/"},"modified":"2023-02-24T05:36:07","modified_gmt":"2023-02-24T05:36:07","slug":"la-purete-du-porc-iberique","status":"publish","type":"post","link":"https:\/\/campobadajoz.es\/fr\/la-purete-du-porc-iberique\/","title":{"rendered":"La puret\u00e9 du porc ib\u00e9rique"},"content":{"rendered":"<p>Le porc ib\u00e9rique est une race indig\u00e8ne de la p\u00e9ninsule ib\u00e9rique qui se distingue par sa saveur et sa qualit\u00e9 exceptionnelles. Cependant, au sein de cette race, il existe diff\u00e9rents degr\u00e9s de puret\u00e9 qui d\u00e9terminent la qualit\u00e9 et les caract\u00e9ristiques du jambon ib\u00e9rique et des autres produits d\u00e9riv\u00e9s. Ces degr\u00e9s de puret\u00e9 sont bas\u00e9s sur la puret\u00e9 de la race et de l&rsquo;\u00e9levage du porc et se r\u00e9partissent en quatre cat\u00e9gories principales :<\/p>\n<h2>100% ib\u00e9rique de bellota<\/h2>\n<p>Ce degr\u00e9 de puret\u00e9 repr\u00e9sente la plus haute qualit\u00e9 du porc ib\u00e9rique. Les porcs sont 100% ib\u00e9riques et sont \u00e9lev\u00e9s \u00e0 l&rsquo;\u00e9tat sauvage dans des p\u00e2turages, o\u00f9 ils se nourrissent exclusivement de glands et d&rsquo;herbe pendant la saison de la montanera. L&rsquo;alimentation avec des glands donne une saveur et un ar\u00f4me caract\u00e9ristiques au jambon ib\u00e9rique 100% nourri aux glands. Ce type de jambon est consid\u00e9r\u00e9 comme le plus exquis et se distingue par sa texture juteuse, marbr\u00e9e de graisse et sa saveur profonde et d\u00e9licate.<\/p>\n<h2>Ib\u00e9rique de gland<\/h2>\n<p>Dans cette cat\u00e9gorie, les porcs sont \u00e9galement \u00e9lev\u00e9s en plein air, mais leur puret\u00e9 raciale peut \u00eatre inf\u00e9rieure \u00e0 100 %. Ils se nourrissent principalement de glands et d&rsquo;herbe pendant la montanera, ce qui contribue \u00e0 une saveur et \u00e0 une qualit\u00e9 exceptionnelles du jambon ib\u00e9rique nourri aux glands. Bien que sa puret\u00e9 ne soit pas compl\u00e8te, elle est toujours consid\u00e9r\u00e9e comme une option de haute qualit\u00e9.<\/p>\n<h2>Ib\u00e9rique de cebo de campo<\/h2>\n<p>Cette cat\u00e9gorie comprend les porcs de race ib\u00e9rique \u00e9lev\u00e9s en r\u00e9gime semi-extensif au champ. Bien qu&rsquo;ils ne se nourrissent pas exclusivement de glands, ils ont acc\u00e8s \u00e0 de l&rsquo;herbe et \u00e0 une alimentation compl\u00e9mentaire \u00e0 base d&rsquo;aliments naturels. Le jambon ib\u00e9rique de Cebo de campo a une saveur caract\u00e9ristique et une qualit\u00e9 appr\u00e9ciable, bien qu&rsquo;elle puisse \u00eatre l\u00e9g\u00e8rement inf\u00e9rieure par rapport aux degr\u00e9s de puret\u00e9 sup\u00e9rieurs.<\/p>\n<h2>App\u00e2t ib\u00e9rique<\/h2>\n<p>Dans cette cat\u00e9gorie, les porcs ib\u00e9riques sont \u00e9lev\u00e9s dans des fermes et sont nourris principalement avec des aliments naturels. Ils n&rsquo;ont pas acc\u00e8s \u00e0 la montanera ni \u00e0 une alimentation \u00e0 base de glands. Bien qu&rsquo;ils conservent encore certaines caract\u00e9ristiques de la race ib\u00e9rique, le jambon d&rsquo;app\u00e2t ib\u00e9rique n&rsquo;atteint pas la m\u00eame qualit\u00e9 et la m\u00eame saveur distinctive que les degr\u00e9s de puret\u00e9 pr\u00e9c\u00e9dents.<\/p>\n<p>&nbsp;<\/p>\n<p>&nbsp;<\/p>\n<p>Il est important de noter que les cat\u00e9gories mentionn\u00e9es se r\u00e9f\u00e8rent principalement au jambon ib\u00e9rique et non \u00e0 d&rsquo;autres produits d\u00e9riv\u00e9s du porc ib\u00e9rique, tels que les saucisses ou la longe. Chaque cat\u00e9gorie a sa propre r\u00e9glementation et ses propres exigences qui garantissent la tra\u00e7abilit\u00e9 et la qualit\u00e9 du produit.<\/p>\n<p>Lors du choix du jambon ib\u00e9rique, il est conseill\u00e9 de prendre en compte les diff\u00e9rents degr\u00e9s de puret\u00e9, car ils affectent les caract\u00e9ristiques organoleptiques et le plaisir culinaire. Chaque niveau offre une exp\u00e9rience unique, mais tous partagent la distinction d&rsquo;\u00eatre des produits repr\u00e9sentatifs de l&rsquo;excellence gastronomique espagnole.<\/p>\n","protected":false},"excerpt":{"rendered":"<p>Le porc ib\u00e9rique est une race indig\u00e8ne de la p\u00e9ninsule ib\u00e9rique qui se distingue par sa saveur et sa qualit\u00e9 exceptionnelles. Cependant, au sein de cette race, il existe diff\u00e9rents degr\u00e9s de puret\u00e9 qui d\u00e9terminent la qualit\u00e9 et les caract\u00e9ristiques du jambon ib\u00e9rique et des autres produits d\u00e9riv\u00e9s. Ces degr\u00e9s de puret\u00e9 sont bas\u00e9s sur [&hellip;]<\/p>\n","protected":false},"author":1,"featured_media":1412,"comment_status":"closed","ping_status":"closed","sticky":false,"template":"","format":"standard","meta":{"_acf_changed":false,"footnotes":""},"categories":[69],"tags":[],"class_list":["post-2853","post","type-post","status-publish","format-standard","has-post-thumbnail","hentry","category-non-classifiee"],"acf":[],"yoast_head":"<!-- This site is optimized with the Yoast SEO plugin v27.4 - https:\/\/yoast.com\/product\/yoast-seo-wordpress\/ -->\n<title>La puret\u00e9 du porc ib\u00e9rique - Campo Badajoz<\/title>\n<meta name=\"robots\" content=\"index, follow, max-snippet:-1, max-image-preview:large, max-video-preview:-1\" \/>\n<link rel=\"canonical\" href=\"https:\/\/campobadajoz.es\/fr\/la-purete-du-porc-iberique\/\" \/>\n<meta property=\"og:locale\" content=\"fr_FR\" \/>\n<meta property=\"og:type\" content=\"article\" \/>\n<meta property=\"og:title\" content=\"La puret\u00e9 du porc ib\u00e9rique - Campo Badajoz\" \/>\n<meta property=\"og:description\" content=\"Le porc ib\u00e9rique est une race indig\u00e8ne de la p\u00e9ninsule ib\u00e9rique qui se distingue par sa saveur et sa qualit\u00e9 exceptionnelles. Cependant, au sein de cette race, il existe diff\u00e9rents degr\u00e9s de puret\u00e9 qui d\u00e9terminent la qualit\u00e9 et les caract\u00e9ristiques du jambon ib\u00e9rique et des autres produits d\u00e9riv\u00e9s. Ces degr\u00e9s de puret\u00e9 sont bas\u00e9s sur [&hellip;]\" \/>\n<meta property=\"og:url\" content=\"https:\/\/campobadajoz.es\/fr\/la-purete-du-porc-iberique\/\" \/>\n<meta property=\"og:site_name\" content=\"Campo Badajoz\" \/>\n<meta property=\"article:publisher\" content=\"https:\/\/www.facebook.com\/campobadajoz.ibericodecampo\/\" \/>\n<meta property=\"article:published_time\" content=\"2023-02-24T05:36:07+00:00\" \/>\n<meta property=\"og:image\" content=\"https:\/\/campobadajoz.es\/wp-content\/uploads\/2023\/06\/AdobeStock_320784754-scaled.webp\" \/>\n\t<meta property=\"og:image:width\" content=\"2560\" \/>\n\t<meta property=\"og:image:height\" content=\"1707\" \/>\n\t<meta property=\"og:image:type\" content=\"image\/webp\" \/>\n<meta name=\"author\" content=\"admin\" \/>\n<meta name=\"twitter:card\" content=\"summary_large_image\" \/>\n<meta name=\"twitter:creator\" content=\"@jamonibericos\" \/>\n<meta name=\"twitter:site\" content=\"@jamonibericos\" \/>\n<meta name=\"twitter:label1\" content=\"\u00c9crit par\" \/>\n\t<meta name=\"twitter:data1\" content=\"admin\" \/>\n\t<meta name=\"twitter:label2\" content=\"Dur\u00e9e de lecture estim\u00e9e\" \/>\n\t<meta name=\"twitter:data2\" content=\"3 minutes\" \/>\n<script type=\"application\/ld+json\" class=\"yoast-schema-graph\">{\"@context\":\"https:\\\/\\\/schema.org\",\"@graph\":[{\"@type\":\"Article\",\"@id\":\"https:\\\/\\\/campobadajoz.es\\\/fr\\\/la-purete-du-porc-iberique\\\/#article\",\"isPartOf\":{\"@id\":\"https:\\\/\\\/campobadajoz.es\\\/fr\\\/la-purete-du-porc-iberique\\\/\"},\"author\":{\"name\":\"admin\",\"@id\":\"https:\\\/\\\/campobadajoz.es\\\/fr\\\/#\\\/schema\\\/person\\\/37c446acd9f2ba0f709e833c7a1490ef\"},\"headline\":\"La puret\u00e9 du porc ib\u00e9rique\",\"datePublished\":\"2023-02-24T05:36:07+00:00\",\"mainEntityOfPage\":{\"@id\":\"https:\\\/\\\/campobadajoz.es\\\/fr\\\/la-purete-du-porc-iberique\\\/\"},\"wordCount\":555,\"publisher\":{\"@id\":\"https:\\\/\\\/campobadajoz.es\\\/fr\\\/#organization\"},\"image\":{\"@id\":\"https:\\\/\\\/campobadajoz.es\\\/fr\\\/la-purete-du-porc-iberique\\\/#primaryimage\"},\"thumbnailUrl\":\"https:\\\/\\\/campobadajoz.es\\\/wp-content\\\/uploads\\\/2023\\\/06\\\/depositphotos_146860891-stock-photo-iberian-pig-pasturing-in-a.webp\",\"articleSection\":[\"Non classifi\u00e9(e)\"],\"inLanguage\":\"fr-FR\"},{\"@type\":\"WebPage\",\"@id\":\"https:\\\/\\\/campobadajoz.es\\\/fr\\\/la-purete-du-porc-iberique\\\/\",\"url\":\"https:\\\/\\\/campobadajoz.es\\\/fr\\\/la-purete-du-porc-iberique\\\/\",\"name\":\"La puret\u00e9 du porc ib\u00e9rique - Campo Badajoz\",\"isPartOf\":{\"@id\":\"https:\\\/\\\/campobadajoz.es\\\/fr\\\/#website\"},\"primaryImageOfPage\":{\"@id\":\"https:\\\/\\\/campobadajoz.es\\\/fr\\\/la-purete-du-porc-iberique\\\/#primaryimage\"},\"image\":{\"@id\":\"https:\\\/\\\/campobadajoz.es\\\/fr\\\/la-purete-du-porc-iberique\\\/#primaryimage\"},\"thumbnailUrl\":\"https:\\\/\\\/campobadajoz.es\\\/wp-content\\\/uploads\\\/2023\\\/06\\\/depositphotos_146860891-stock-photo-iberian-pig-pasturing-in-a.webp\",\"datePublished\":\"2023-02-24T05:36:07+00:00\",\"breadcrumb\":{\"@id\":\"https:\\\/\\\/campobadajoz.es\\\/fr\\\/la-purete-du-porc-iberique\\\/#breadcrumb\"},\"inLanguage\":\"fr-FR\",\"potentialAction\":[{\"@type\":\"ReadAction\",\"target\":[\"https:\\\/\\\/campobadajoz.es\\\/fr\\\/la-purete-du-porc-iberique\\\/\"]}]},{\"@type\":\"ImageObject\",\"inLanguage\":\"fr-FR\",\"@id\":\"https:\\\/\\\/campobadajoz.es\\\/fr\\\/la-purete-du-porc-iberique\\\/#primaryimage\",\"url\":\"https:\\\/\\\/campobadajoz.es\\\/wp-content\\\/uploads\\\/2023\\\/06\\\/depositphotos_146860891-stock-photo-iberian-pig-pasturing-in-a.webp\",\"contentUrl\":\"https:\\\/\\\/campobadajoz.es\\\/wp-content\\\/uploads\\\/2023\\\/06\\\/depositphotos_146860891-stock-photo-iberian-pig-pasturing-in-a.webp\",\"width\":600,\"height\":400,\"caption\":\"Grados de jam\u00f3n ib\u00e9rico\"},{\"@type\":\"BreadcrumbList\",\"@id\":\"https:\\\/\\\/campobadajoz.es\\\/fr\\\/la-purete-du-porc-iberique\\\/#breadcrumb\",\"itemListElement\":[{\"@type\":\"ListItem\",\"position\":1,\"name\":\"Portada\",\"item\":\"https:\\\/\\\/campobadajoz.es\\\/fr\\\/\"},{\"@type\":\"ListItem\",\"position\":2,\"name\":\"La puret\u00e9 du porc ib\u00e9rique\"}]},{\"@type\":\"WebSite\",\"@id\":\"https:\\\/\\\/campobadajoz.es\\\/fr\\\/#website\",\"url\":\"https:\\\/\\\/campobadajoz.es\\\/fr\\\/\",\"name\":\"Campo Badajoz\",\"description\":\"Productos ib\u00e9ricos de calidad\",\"publisher\":{\"@id\":\"https:\\\/\\\/campobadajoz.es\\\/fr\\\/#organization\"},\"potentialAction\":[{\"@type\":\"SearchAction\",\"target\":{\"@type\":\"EntryPoint\",\"urlTemplate\":\"https:\\\/\\\/campobadajoz.es\\\/fr\\\/?s={search_term_string}\"},\"query-input\":{\"@type\":\"PropertyValueSpecification\",\"valueRequired\":true,\"valueName\":\"search_term_string\"}}],\"inLanguage\":\"fr-FR\"},{\"@type\":\"Organization\",\"@id\":\"https:\\\/\\\/campobadajoz.es\\\/fr\\\/#organization\",\"name\":\"Campo Badajoz\",\"url\":\"https:\\\/\\\/campobadajoz.es\\\/fr\\\/\",\"logo\":{\"@type\":\"ImageObject\",\"inLanguage\":\"fr-FR\",\"@id\":\"https:\\\/\\\/campobadajoz.es\\\/fr\\\/#\\\/schema\\\/logo\\\/image\\\/\",\"url\":\"https:\\\/\\\/campobadajoz.es\\\/wp-content\\\/uploads\\\/2023\\\/05\\\/logo_blanco_png-1.webp\",\"contentUrl\":\"https:\\\/\\\/campobadajoz.es\\\/wp-content\\\/uploads\\\/2023\\\/05\\\/logo_blanco_png-1.webp\",\"width\":800,\"height\":800,\"caption\":\"Campo Badajoz\"},\"image\":{\"@id\":\"https:\\\/\\\/campobadajoz.es\\\/fr\\\/#\\\/schema\\\/logo\\\/image\\\/\"},\"sameAs\":[\"https:\\\/\\\/www.facebook.com\\\/campobadajoz.ibericodecampo\\\/\",\"https:\\\/\\\/x.com\\\/jamonibericos\",\"https:\\\/\\\/www.linkedin.com\\\/company\\\/campo-&-badajoz\\\/about\\\/\",\"https:\\\/\\\/www.instagram.com\\\/campobadajoz\\\/\"]},{\"@type\":\"Person\",\"@id\":\"https:\\\/\\\/campobadajoz.es\\\/fr\\\/#\\\/schema\\\/person\\\/37c446acd9f2ba0f709e833c7a1490ef\",\"name\":\"admin\",\"image\":{\"@type\":\"ImageObject\",\"inLanguage\":\"fr-FR\",\"@id\":\"https:\\\/\\\/secure.gravatar.com\\\/avatar\\\/ada19a629247a62bceb166937da905f8fe69504f0ed4b6773688ebbb0514eb44?s=96&d=mm&r=g\",\"url\":\"https:\\\/\\\/secure.gravatar.com\\\/avatar\\\/ada19a629247a62bceb166937da905f8fe69504f0ed4b6773688ebbb0514eb44?s=96&d=mm&r=g\",\"contentUrl\":\"https:\\\/\\\/secure.gravatar.com\\\/avatar\\\/ada19a629247a62bceb166937da905f8fe69504f0ed4b6773688ebbb0514eb44?s=96&d=mm&r=g\",\"caption\":\"admin\"},\"url\":\"https:\\\/\\\/campobadajoz.es\\\/fr\\\/author\\\/hosting_obe2tv4t\\\/\"}]}<\/script>\n<!-- \/ Yoast SEO plugin. -->","yoast_head_json":{"title":"La puret\u00e9 du porc ib\u00e9rique - Campo Badajoz","robots":{"index":"index","follow":"follow","max-snippet":"max-snippet:-1","max-image-preview":"max-image-preview:large","max-video-preview":"max-video-preview:-1"},"canonical":"https:\/\/campobadajoz.es\/fr\/la-purete-du-porc-iberique\/","og_locale":"fr_FR","og_type":"article","og_title":"La puret\u00e9 du porc ib\u00e9rique - Campo Badajoz","og_description":"Le porc ib\u00e9rique est une race indig\u00e8ne de la p\u00e9ninsule ib\u00e9rique qui se distingue par sa saveur et sa qualit\u00e9 exceptionnelles. Cependant, au sein de cette race, il existe diff\u00e9rents degr\u00e9s de puret\u00e9 qui d\u00e9terminent la qualit\u00e9 et les caract\u00e9ristiques du jambon ib\u00e9rique et des autres produits d\u00e9riv\u00e9s. Ces degr\u00e9s de puret\u00e9 sont bas\u00e9s sur [&hellip;]","og_url":"https:\/\/campobadajoz.es\/fr\/la-purete-du-porc-iberique\/","og_site_name":"Campo Badajoz","article_publisher":"https:\/\/www.facebook.com\/campobadajoz.ibericodecampo\/","article_published_time":"2023-02-24T05:36:07+00:00","og_image":[{"width":2560,"height":1707,"url":"https:\/\/campobadajoz.es\/wp-content\/uploads\/2023\/06\/AdobeStock_320784754-scaled.webp","type":"image\/webp"}],"author":"admin","twitter_card":"summary_large_image","twitter_creator":"@jamonibericos","twitter_site":"@jamonibericos","twitter_misc":{"\u00c9crit par":"admin","Dur\u00e9e de lecture estim\u00e9e":"3 minutes"},"schema":{"@context":"https:\/\/schema.org","@graph":[{"@type":"Article","@id":"https:\/\/campobadajoz.es\/fr\/la-purete-du-porc-iberique\/#article","isPartOf":{"@id":"https:\/\/campobadajoz.es\/fr\/la-purete-du-porc-iberique\/"},"author":{"name":"admin","@id":"https:\/\/campobadajoz.es\/fr\/#\/schema\/person\/37c446acd9f2ba0f709e833c7a1490ef"},"headline":"La puret\u00e9 du porc ib\u00e9rique","datePublished":"2023-02-24T05:36:07+00:00","mainEntityOfPage":{"@id":"https:\/\/campobadajoz.es\/fr\/la-purete-du-porc-iberique\/"},"wordCount":555,"publisher":{"@id":"https:\/\/campobadajoz.es\/fr\/#organization"},"image":{"@id":"https:\/\/campobadajoz.es\/fr\/la-purete-du-porc-iberique\/#primaryimage"},"thumbnailUrl":"https:\/\/campobadajoz.es\/wp-content\/uploads\/2023\/06\/depositphotos_146860891-stock-photo-iberian-pig-pasturing-in-a.webp","articleSection":["Non classifi\u00e9(e)"],"inLanguage":"fr-FR"},{"@type":"WebPage","@id":"https:\/\/campobadajoz.es\/fr\/la-purete-du-porc-iberique\/","url":"https:\/\/campobadajoz.es\/fr\/la-purete-du-porc-iberique\/","name":"La puret\u00e9 du porc ib\u00e9rique - Campo Badajoz","isPartOf":{"@id":"https:\/\/campobadajoz.es\/fr\/#website"},"primaryImageOfPage":{"@id":"https:\/\/campobadajoz.es\/fr\/la-purete-du-porc-iberique\/#primaryimage"},"image":{"@id":"https:\/\/campobadajoz.es\/fr\/la-purete-du-porc-iberique\/#primaryimage"},"thumbnailUrl":"https:\/\/campobadajoz.es\/wp-content\/uploads\/2023\/06\/depositphotos_146860891-stock-photo-iberian-pig-pasturing-in-a.webp","datePublished":"2023-02-24T05:36:07+00:00","breadcrumb":{"@id":"https:\/\/campobadajoz.es\/fr\/la-purete-du-porc-iberique\/#breadcrumb"},"inLanguage":"fr-FR","potentialAction":[{"@type":"ReadAction","target":["https:\/\/campobadajoz.es\/fr\/la-purete-du-porc-iberique\/"]}]},{"@type":"ImageObject","inLanguage":"fr-FR","@id":"https:\/\/campobadajoz.es\/fr\/la-purete-du-porc-iberique\/#primaryimage","url":"https:\/\/campobadajoz.es\/wp-content\/uploads\/2023\/06\/depositphotos_146860891-stock-photo-iberian-pig-pasturing-in-a.webp","contentUrl":"https:\/\/campobadajoz.es\/wp-content\/uploads\/2023\/06\/depositphotos_146860891-stock-photo-iberian-pig-pasturing-in-a.webp","width":600,"height":400,"caption":"Grados de jam\u00f3n ib\u00e9rico"},{"@type":"BreadcrumbList","@id":"https:\/\/campobadajoz.es\/fr\/la-purete-du-porc-iberique\/#breadcrumb","itemListElement":[{"@type":"ListItem","position":1,"name":"Portada","item":"https:\/\/campobadajoz.es\/fr\/"},{"@type":"ListItem","position":2,"name":"La puret\u00e9 du porc ib\u00e9rique"}]},{"@type":"WebSite","@id":"https:\/\/campobadajoz.es\/fr\/#website","url":"https:\/\/campobadajoz.es\/fr\/","name":"Campo Badajoz","description":"Productos ib\u00e9ricos de calidad","publisher":{"@id":"https:\/\/campobadajoz.es\/fr\/#organization"},"potentialAction":[{"@type":"SearchAction","target":{"@type":"EntryPoint","urlTemplate":"https:\/\/campobadajoz.es\/fr\/?s={search_term_string}"},"query-input":{"@type":"PropertyValueSpecification","valueRequired":true,"valueName":"search_term_string"}}],"inLanguage":"fr-FR"},{"@type":"Organization","@id":"https:\/\/campobadajoz.es\/fr\/#organization","name":"Campo Badajoz","url":"https:\/\/campobadajoz.es\/fr\/","logo":{"@type":"ImageObject","inLanguage":"fr-FR","@id":"https:\/\/campobadajoz.es\/fr\/#\/schema\/logo\/image\/","url":"https:\/\/campobadajoz.es\/wp-content\/uploads\/2023\/05\/logo_blanco_png-1.webp","contentUrl":"https:\/\/campobadajoz.es\/wp-content\/uploads\/2023\/05\/logo_blanco_png-1.webp","width":800,"height":800,"caption":"Campo Badajoz"},"image":{"@id":"https:\/\/campobadajoz.es\/fr\/#\/schema\/logo\/image\/"},"sameAs":["https:\/\/www.facebook.com\/campobadajoz.ibericodecampo\/","https:\/\/x.com\/jamonibericos","https:\/\/www.linkedin.com\/company\/campo-&-badajoz\/about\/","https:\/\/www.instagram.com\/campobadajoz\/"]},{"@type":"Person","@id":"https:\/\/campobadajoz.es\/fr\/#\/schema\/person\/37c446acd9f2ba0f709e833c7a1490ef","name":"admin","image":{"@type":"ImageObject","inLanguage":"fr-FR","@id":"https:\/\/secure.gravatar.com\/avatar\/ada19a629247a62bceb166937da905f8fe69504f0ed4b6773688ebbb0514eb44?s=96&d=mm&r=g","url":"https:\/\/secure.gravatar.com\/avatar\/ada19a629247a62bceb166937da905f8fe69504f0ed4b6773688ebbb0514eb44?s=96&d=mm&r=g","contentUrl":"https:\/\/secure.gravatar.com\/avatar\/ada19a629247a62bceb166937da905f8fe69504f0ed4b6773688ebbb0514eb44?s=96&d=mm&r=g","caption":"admin"},"url":"https:\/\/campobadajoz.es\/fr\/author\/hosting_obe2tv4t\/"}]}},"_links":{"self":[{"href":"https:\/\/campobadajoz.es\/fr\/wp-json\/wp\/v2\/posts\/2853","targetHints":{"allow":["GET"]}}],"collection":[{"href":"https:\/\/campobadajoz.es\/fr\/wp-json\/wp\/v2\/posts"}],"about":[{"href":"https:\/\/campobadajoz.es\/fr\/wp-json\/wp\/v2\/types\/post"}],"author":[{"embeddable":true,"href":"https:\/\/campobadajoz.es\/fr\/wp-json\/wp\/v2\/users\/1"}],"replies":[{"embeddable":true,"href":"https:\/\/campobadajoz.es\/fr\/wp-json\/wp\/v2\/comments?post=2853"}],"version-history":[{"count":0,"href":"https:\/\/campobadajoz.es\/fr\/wp-json\/wp\/v2\/posts\/2853\/revisions"}],"wp:featuredmedia":[{"embeddable":true,"href":"https:\/\/campobadajoz.es\/fr\/wp-json\/wp\/v2\/media\/1412"}],"wp:attachment":[{"href":"https:\/\/campobadajoz.es\/fr\/wp-json\/wp\/v2\/media?parent=2853"}],"wp:term":[{"taxonomy":"category","embeddable":true,"href":"https:\/\/campobadajoz.es\/fr\/wp-json\/wp\/v2\/categories?post=2853"},{"taxonomy":"post_tag","embeddable":true,"href":"https:\/\/campobadajoz.es\/fr\/wp-json\/wp\/v2\/tags?post=2853"}],"curies":[{"name":"wp","href":"https:\/\/api.w.org\/{rel}","templated":true}]}}