{"id":2860,"date":"2023-01-14T05:40:15","date_gmt":"2023-01-14T05:40:15","guid":{"rendered":"https:\/\/campobadajoz.es\/salaison-de-la-longe-de-porc-iberique\/"},"modified":"2023-01-14T05:40:15","modified_gmt":"2023-01-14T05:40:15","slug":"salaison-de-la-longe-de-porc-iberique","status":"publish","type":"post","link":"https:\/\/campobadajoz.es\/fr\/salaison-de-la-longe-de-porc-iberique\/","title":{"rendered":"Salaison de la longe de porc ib\u00e9rique"},"content":{"rendered":"<p>La <strong>longe de porc ib\u00e9rique<\/strong> est l&rsquo;un des produits les plus pris\u00e9s de la gastronomie espagnole. Son s\u00e9chage est un processus artisanal qui rehausse sa saveur et sa texture, ce qui en fait un v\u00e9ritable d\u00e9lice culinaire.<\/p>\n<p>Le <strong>processus de maturation de la longe ib\u00e9rique<\/strong> commence par la s\u00e9lection minutieuse des morceaux de viande. Nous choisissons des longes de porcs ib\u00e9riques de qualit\u00e9 de la race ib\u00e9rique, connue pour son infiltration de graisse et sa saveur unique. L&rsquo;<strong>infiltration de graisse<\/strong> est essentielle pour la jutosit\u00e9 et la tendret\u00e9 de la longe de porc ib\u00e9rique.<\/p>\n<p>Une fois les longes s\u00e9lectionn\u00e9es, elles subissent une premi\u00e8re \u00e9tape de <strong>salage<\/strong>. Ils sont recouverts de gros sel et laiss\u00e9s au repos pendant un certain temps. Le sel aide \u00e0 d\u00e9shydrater la viande, en \u00e9liminant l&rsquo;exc\u00e8s d&rsquo;humidit\u00e9 et en contribuant \u00e0 sa conservation. Pendant cette phase, les longes absorbent le sel et acqui\u00e8rent leur go\u00fbt sal\u00e9 caract\u00e9ristique.<\/p>\n<p>Apr\u00e8s le salage, les longes sont lav\u00e9es et s\u00e9ch\u00e9es. Ils sont suspendus dans des endroits frais et bien ventil\u00e9s, g\u00e9n\u00e9ralement dans des s\u00e9choirs ou des caves, o\u00f9 se d\u00e9roule un lent processus de d\u00e9shydratation. Pendant cette p\u00e9riode, qui peut durer plusieurs mois, les longes perdent une partie de leur eau et acqui\u00e8rent une texture ferme et compacte.<\/p>\n<p>L&rsquo;\u00e9tape suivante de l&rsquo;affinage de la longe ib\u00e9rique est la <strong>maturation<\/strong>. Au cours de ce processus, les enzymes naturelles de la viande d\u00e9composent les prot\u00e9ines et les graisses, d\u00e9veloppant ainsi une complexit\u00e9 de saveurs et d&rsquo;ar\u00f4mes. La maturation peut durer des mois, voire des ann\u00e9es, selon le producteur et le type de longe ib\u00e9rique.<\/p>\n<p>La temp\u00e9rature et l&rsquo;humidit\u00e9 sont des facteurs critiques dans le processus de maturation de la longe de porc ib\u00e9rique. Les s\u00e9choirs ou les caves o\u00f9 s&rsquo;effectue la maturation doivent maintenir des conditions contr\u00f4l\u00e9es afin d&rsquo;obtenir des r\u00e9sultats optimaux. Une temp\u00e9rature fra\u00eeche et constante, associ\u00e9e \u00e0 une humidit\u00e9 contr\u00f4l\u00e9e, favorise le d\u00e9veloppement d&rsquo;ar\u00f4mes intenses et la bonne conservation du produit.<\/p>\n<p>Une fois que les longes ont achev\u00e9 leur processus de maturation, elles sont pr\u00eates \u00e0 \u00eatre d\u00e9gust\u00e9es. La longe de porc ib\u00e9rique s\u00e9ch\u00e9e se caract\u00e9rise par sa saveur intense et douce, sa texture tendre et son ar\u00f4me enivrant. Il est parfait pour \u00eatre d\u00e9gust\u00e9 en fines tranches, dans le cadre d&rsquo;une planche de charcuterie ou comme ingr\u00e9dient principal dans des sandwichs et des tapas.<\/p>\n<p>La maturation de la longe de porc ib\u00e9rique est un art qui demande du <strong>temps, de la patience et des connaissances<\/strong>. Les producteurs de longe de porc ib\u00e9rique s&rsquo;efforcent de maintenir les traditions et les techniques transmises de g\u00e9n\u00e9ration en g\u00e9n\u00e9ration, garantissant ainsi la qualit\u00e9 et l&rsquo;authenticit\u00e9 de ce produit tr\u00e8s particulier.<\/p>\n<p>En conclusion, le processus de maturation de la longe de porc ib\u00e9rique est essentiel pour obtenir un produit de qualit\u00e9 sup\u00e9rieure. De la s\u00e9lection des longes \u00e0 la maturation contr\u00f4l\u00e9e, chaque \u00e9tape contribue \u00e0 renforcer leur saveur, leur texture et leurs caract\u00e9ristiques uniques. La longe de porc ib\u00e9rique est un tr\u00e9sor gastronomique qui ravit les palais les plus exigeants et repr\u00e9sente l&rsquo;excellence culinaire de l&rsquo;Espagne.<\/p>\n","protected":false},"excerpt":{"rendered":"<p>La longe de porc ib\u00e9rique est l&rsquo;un des produits les plus pris\u00e9s de la gastronomie espagnole. Son s\u00e9chage est un processus artisanal qui rehausse sa saveur et sa texture, ce qui en fait un authentique d\u00e9lice culinaire.<\/p>\n","protected":false},"author":1,"featured_media":1422,"comment_status":"closed","ping_status":"closed","sticky":false,"template":"","format":"standard","meta":{"_acf_changed":false,"footnotes":""},"categories":[69],"tags":[],"class_list":["post-2860","post","type-post","status-publish","format-standard","has-post-thumbnail","hentry","category-non-classifiee"],"acf":[],"yoast_head":"<!-- This site is optimized with the Yoast SEO plugin v27.4 - https:\/\/yoast.com\/product\/yoast-seo-wordpress\/ -->\n<title>Salaison de la longe de porc ib\u00e9rique - Campo Badajoz<\/title>\n<meta name=\"robots\" content=\"index, follow, max-snippet:-1, max-image-preview:large, max-video-preview:-1\" \/>\n<link rel=\"canonical\" href=\"https:\/\/campobadajoz.es\/fr\/salaison-de-la-longe-de-porc-iberique\/\" \/>\n<meta property=\"og:locale\" content=\"fr_FR\" \/>\n<meta property=\"og:type\" content=\"article\" \/>\n<meta property=\"og:title\" content=\"Salaison de la longe de porc ib\u00e9rique - Campo Badajoz\" \/>\n<meta property=\"og:description\" content=\"La longe de porc ib\u00e9rique est l&#039;un des produits les plus pris\u00e9s de la gastronomie espagnole. Son s\u00e9chage est un processus artisanal qui rehausse sa saveur et sa texture, ce qui en fait un authentique d\u00e9lice culinaire.\" \/>\n<meta property=\"og:url\" content=\"https:\/\/campobadajoz.es\/fr\/salaison-de-la-longe-de-porc-iberique\/\" \/>\n<meta property=\"og:site_name\" content=\"Campo Badajoz\" \/>\n<meta property=\"article:publisher\" content=\"https:\/\/www.facebook.com\/campobadajoz.ibericodecampo\/\" \/>\n<meta property=\"article:published_time\" content=\"2023-01-14T05:40:15+00:00\" \/>\n<meta property=\"og:image\" content=\"https:\/\/campobadajoz.es\/wp-content\/uploads\/2023\/06\/AdobeStock_320784754-scaled.webp\" \/>\n\t<meta property=\"og:image:width\" content=\"2560\" \/>\n\t<meta property=\"og:image:height\" content=\"1707\" \/>\n\t<meta property=\"og:image:type\" content=\"image\/webp\" \/>\n<meta name=\"author\" content=\"admin\" \/>\n<meta name=\"twitter:card\" content=\"summary_large_image\" \/>\n<meta name=\"twitter:creator\" content=\"@jamonibericos\" \/>\n<meta name=\"twitter:site\" content=\"@jamonibericos\" \/>\n<meta name=\"twitter:label1\" content=\"\u00c9crit par\" \/>\n\t<meta name=\"twitter:data1\" content=\"admin\" \/>\n\t<meta name=\"twitter:label2\" content=\"Dur\u00e9e de lecture estim\u00e9e\" \/>\n\t<meta name=\"twitter:data2\" content=\"3 minutes\" \/>\n<script type=\"application\/ld+json\" class=\"yoast-schema-graph\">{\"@context\":\"https:\\\/\\\/schema.org\",\"@graph\":[{\"@type\":\"Article\",\"@id\":\"https:\\\/\\\/campobadajoz.es\\\/fr\\\/salaison-de-la-longe-de-porc-iberique\\\/#article\",\"isPartOf\":{\"@id\":\"https:\\\/\\\/campobadajoz.es\\\/fr\\\/salaison-de-la-longe-de-porc-iberique\\\/\"},\"author\":{\"name\":\"admin\",\"@id\":\"https:\\\/\\\/campobadajoz.es\\\/fr\\\/#\\\/schema\\\/person\\\/37c446acd9f2ba0f709e833c7a1490ef\"},\"headline\":\"Salaison de la longe de porc ib\u00e9rique\",\"datePublished\":\"2023-01-14T05:40:15+00:00\",\"mainEntityOfPage\":{\"@id\":\"https:\\\/\\\/campobadajoz.es\\\/fr\\\/salaison-de-la-longe-de-porc-iberique\\\/\"},\"wordCount\":597,\"publisher\":{\"@id\":\"https:\\\/\\\/campobadajoz.es\\\/fr\\\/#organization\"},\"image\":{\"@id\":\"https:\\\/\\\/campobadajoz.es\\\/fr\\\/salaison-de-la-longe-de-porc-iberique\\\/#primaryimage\"},\"thumbnailUrl\":\"https:\\\/\\\/campobadajoz.es\\\/wp-content\\\/uploads\\\/2023\\\/06\\\/depositphotos_197755198-stock-photo-black-tray-of-delicious-iberian.webp\",\"articleSection\":[\"Non classifi\u00e9(e)\"],\"inLanguage\":\"fr-FR\"},{\"@type\":\"WebPage\",\"@id\":\"https:\\\/\\\/campobadajoz.es\\\/fr\\\/salaison-de-la-longe-de-porc-iberique\\\/\",\"url\":\"https:\\\/\\\/campobadajoz.es\\\/fr\\\/salaison-de-la-longe-de-porc-iberique\\\/\",\"name\":\"Salaison de la longe de porc ib\u00e9rique - Campo Badajoz\",\"isPartOf\":{\"@id\":\"https:\\\/\\\/campobadajoz.es\\\/fr\\\/#website\"},\"primaryImageOfPage\":{\"@id\":\"https:\\\/\\\/campobadajoz.es\\\/fr\\\/salaison-de-la-longe-de-porc-iberique\\\/#primaryimage\"},\"image\":{\"@id\":\"https:\\\/\\\/campobadajoz.es\\\/fr\\\/salaison-de-la-longe-de-porc-iberique\\\/#primaryimage\"},\"thumbnailUrl\":\"https:\\\/\\\/campobadajoz.es\\\/wp-content\\\/uploads\\\/2023\\\/06\\\/depositphotos_197755198-stock-photo-black-tray-of-delicious-iberian.webp\",\"datePublished\":\"2023-01-14T05:40:15+00:00\",\"breadcrumb\":{\"@id\":\"https:\\\/\\\/campobadajoz.es\\\/fr\\\/salaison-de-la-longe-de-porc-iberique\\\/#breadcrumb\"},\"inLanguage\":\"fr-FR\",\"potentialAction\":[{\"@type\":\"ReadAction\",\"target\":[\"https:\\\/\\\/campobadajoz.es\\\/fr\\\/salaison-de-la-longe-de-porc-iberique\\\/\"]}]},{\"@type\":\"ImageObject\",\"inLanguage\":\"fr-FR\",\"@id\":\"https:\\\/\\\/campobadajoz.es\\\/fr\\\/salaison-de-la-longe-de-porc-iberique\\\/#primaryimage\",\"url\":\"https:\\\/\\\/campobadajoz.es\\\/wp-content\\\/uploads\\\/2023\\\/06\\\/depositphotos_197755198-stock-photo-black-tray-of-delicious-iberian.webp\",\"contentUrl\":\"https:\\\/\\\/campobadajoz.es\\\/wp-content\\\/uploads\\\/2023\\\/06\\\/depositphotos_197755198-stock-photo-black-tray-of-delicious-iberian.webp\",\"width\":600,\"height\":400,\"caption\":\"Curaci\u00f3n del lomo ib\u00e9rico\"},{\"@type\":\"BreadcrumbList\",\"@id\":\"https:\\\/\\\/campobadajoz.es\\\/fr\\\/salaison-de-la-longe-de-porc-iberique\\\/#breadcrumb\",\"itemListElement\":[{\"@type\":\"ListItem\",\"position\":1,\"name\":\"Portada\",\"item\":\"https:\\\/\\\/campobadajoz.es\\\/fr\\\/\"},{\"@type\":\"ListItem\",\"position\":2,\"name\":\"Salaison de la longe de porc ib\u00e9rique\"}]},{\"@type\":\"WebSite\",\"@id\":\"https:\\\/\\\/campobadajoz.es\\\/fr\\\/#website\",\"url\":\"https:\\\/\\\/campobadajoz.es\\\/fr\\\/\",\"name\":\"Campo Badajoz\",\"description\":\"Productos ib\u00e9ricos de calidad\",\"publisher\":{\"@id\":\"https:\\\/\\\/campobadajoz.es\\\/fr\\\/#organization\"},\"potentialAction\":[{\"@type\":\"SearchAction\",\"target\":{\"@type\":\"EntryPoint\",\"urlTemplate\":\"https:\\\/\\\/campobadajoz.es\\\/fr\\\/?s={search_term_string}\"},\"query-input\":{\"@type\":\"PropertyValueSpecification\",\"valueRequired\":true,\"valueName\":\"search_term_string\"}}],\"inLanguage\":\"fr-FR\"},{\"@type\":\"Organization\",\"@id\":\"https:\\\/\\\/campobadajoz.es\\\/fr\\\/#organization\",\"name\":\"Campo Badajoz\",\"url\":\"https:\\\/\\\/campobadajoz.es\\\/fr\\\/\",\"logo\":{\"@type\":\"ImageObject\",\"inLanguage\":\"fr-FR\",\"@id\":\"https:\\\/\\\/campobadajoz.es\\\/fr\\\/#\\\/schema\\\/logo\\\/image\\\/\",\"url\":\"https:\\\/\\\/campobadajoz.es\\\/wp-content\\\/uploads\\\/2023\\\/05\\\/logo_blanco_png-1.webp\",\"contentUrl\":\"https:\\\/\\\/campobadajoz.es\\\/wp-content\\\/uploads\\\/2023\\\/05\\\/logo_blanco_png-1.webp\",\"width\":800,\"height\":800,\"caption\":\"Campo Badajoz\"},\"image\":{\"@id\":\"https:\\\/\\\/campobadajoz.es\\\/fr\\\/#\\\/schema\\\/logo\\\/image\\\/\"},\"sameAs\":[\"https:\\\/\\\/www.facebook.com\\\/campobadajoz.ibericodecampo\\\/\",\"https:\\\/\\\/x.com\\\/jamonibericos\",\"https:\\\/\\\/www.linkedin.com\\\/company\\\/campo-&-badajoz\\\/about\\\/\",\"https:\\\/\\\/www.instagram.com\\\/campobadajoz\\\/\"]},{\"@type\":\"Person\",\"@id\":\"https:\\\/\\\/campobadajoz.es\\\/fr\\\/#\\\/schema\\\/person\\\/37c446acd9f2ba0f709e833c7a1490ef\",\"name\":\"admin\",\"image\":{\"@type\":\"ImageObject\",\"inLanguage\":\"fr-FR\",\"@id\":\"https:\\\/\\\/secure.gravatar.com\\\/avatar\\\/ada19a629247a62bceb166937da905f8fe69504f0ed4b6773688ebbb0514eb44?s=96&d=mm&r=g\",\"url\":\"https:\\\/\\\/secure.gravatar.com\\\/avatar\\\/ada19a629247a62bceb166937da905f8fe69504f0ed4b6773688ebbb0514eb44?s=96&d=mm&r=g\",\"contentUrl\":\"https:\\\/\\\/secure.gravatar.com\\\/avatar\\\/ada19a629247a62bceb166937da905f8fe69504f0ed4b6773688ebbb0514eb44?s=96&d=mm&r=g\",\"caption\":\"admin\"},\"url\":\"https:\\\/\\\/campobadajoz.es\\\/fr\\\/author\\\/hosting_obe2tv4t\\\/\"}]}<\/script>\n<!-- \/ Yoast SEO plugin. -->","yoast_head_json":{"title":"Salaison de la longe de porc ib\u00e9rique - Campo Badajoz","robots":{"index":"index","follow":"follow","max-snippet":"max-snippet:-1","max-image-preview":"max-image-preview:large","max-video-preview":"max-video-preview:-1"},"canonical":"https:\/\/campobadajoz.es\/fr\/salaison-de-la-longe-de-porc-iberique\/","og_locale":"fr_FR","og_type":"article","og_title":"Salaison de la longe de porc ib\u00e9rique - Campo Badajoz","og_description":"La longe de porc ib\u00e9rique est l'un des produits les plus pris\u00e9s de la gastronomie espagnole. Son s\u00e9chage est un processus artisanal qui rehausse sa saveur et sa texture, ce qui en fait un authentique d\u00e9lice culinaire.","og_url":"https:\/\/campobadajoz.es\/fr\/salaison-de-la-longe-de-porc-iberique\/","og_site_name":"Campo Badajoz","article_publisher":"https:\/\/www.facebook.com\/campobadajoz.ibericodecampo\/","article_published_time":"2023-01-14T05:40:15+00:00","og_image":[{"width":2560,"height":1707,"url":"https:\/\/campobadajoz.es\/wp-content\/uploads\/2023\/06\/AdobeStock_320784754-scaled.webp","type":"image\/webp"}],"author":"admin","twitter_card":"summary_large_image","twitter_creator":"@jamonibericos","twitter_site":"@jamonibericos","twitter_misc":{"\u00c9crit par":"admin","Dur\u00e9e de lecture estim\u00e9e":"3 minutes"},"schema":{"@context":"https:\/\/schema.org","@graph":[{"@type":"Article","@id":"https:\/\/campobadajoz.es\/fr\/salaison-de-la-longe-de-porc-iberique\/#article","isPartOf":{"@id":"https:\/\/campobadajoz.es\/fr\/salaison-de-la-longe-de-porc-iberique\/"},"author":{"name":"admin","@id":"https:\/\/campobadajoz.es\/fr\/#\/schema\/person\/37c446acd9f2ba0f709e833c7a1490ef"},"headline":"Salaison de la longe de porc ib\u00e9rique","datePublished":"2023-01-14T05:40:15+00:00","mainEntityOfPage":{"@id":"https:\/\/campobadajoz.es\/fr\/salaison-de-la-longe-de-porc-iberique\/"},"wordCount":597,"publisher":{"@id":"https:\/\/campobadajoz.es\/fr\/#organization"},"image":{"@id":"https:\/\/campobadajoz.es\/fr\/salaison-de-la-longe-de-porc-iberique\/#primaryimage"},"thumbnailUrl":"https:\/\/campobadajoz.es\/wp-content\/uploads\/2023\/06\/depositphotos_197755198-stock-photo-black-tray-of-delicious-iberian.webp","articleSection":["Non classifi\u00e9(e)"],"inLanguage":"fr-FR"},{"@type":"WebPage","@id":"https:\/\/campobadajoz.es\/fr\/salaison-de-la-longe-de-porc-iberique\/","url":"https:\/\/campobadajoz.es\/fr\/salaison-de-la-longe-de-porc-iberique\/","name":"Salaison de la longe de porc ib\u00e9rique - Campo Badajoz","isPartOf":{"@id":"https:\/\/campobadajoz.es\/fr\/#website"},"primaryImageOfPage":{"@id":"https:\/\/campobadajoz.es\/fr\/salaison-de-la-longe-de-porc-iberique\/#primaryimage"},"image":{"@id":"https:\/\/campobadajoz.es\/fr\/salaison-de-la-longe-de-porc-iberique\/#primaryimage"},"thumbnailUrl":"https:\/\/campobadajoz.es\/wp-content\/uploads\/2023\/06\/depositphotos_197755198-stock-photo-black-tray-of-delicious-iberian.webp","datePublished":"2023-01-14T05:40:15+00:00","breadcrumb":{"@id":"https:\/\/campobadajoz.es\/fr\/salaison-de-la-longe-de-porc-iberique\/#breadcrumb"},"inLanguage":"fr-FR","potentialAction":[{"@type":"ReadAction","target":["https:\/\/campobadajoz.es\/fr\/salaison-de-la-longe-de-porc-iberique\/"]}]},{"@type":"ImageObject","inLanguage":"fr-FR","@id":"https:\/\/campobadajoz.es\/fr\/salaison-de-la-longe-de-porc-iberique\/#primaryimage","url":"https:\/\/campobadajoz.es\/wp-content\/uploads\/2023\/06\/depositphotos_197755198-stock-photo-black-tray-of-delicious-iberian.webp","contentUrl":"https:\/\/campobadajoz.es\/wp-content\/uploads\/2023\/06\/depositphotos_197755198-stock-photo-black-tray-of-delicious-iberian.webp","width":600,"height":400,"caption":"Curaci\u00f3n del lomo ib\u00e9rico"},{"@type":"BreadcrumbList","@id":"https:\/\/campobadajoz.es\/fr\/salaison-de-la-longe-de-porc-iberique\/#breadcrumb","itemListElement":[{"@type":"ListItem","position":1,"name":"Portada","item":"https:\/\/campobadajoz.es\/fr\/"},{"@type":"ListItem","position":2,"name":"Salaison de la longe de porc ib\u00e9rique"}]},{"@type":"WebSite","@id":"https:\/\/campobadajoz.es\/fr\/#website","url":"https:\/\/campobadajoz.es\/fr\/","name":"Campo Badajoz","description":"Productos ib\u00e9ricos de calidad","publisher":{"@id":"https:\/\/campobadajoz.es\/fr\/#organization"},"potentialAction":[{"@type":"SearchAction","target":{"@type":"EntryPoint","urlTemplate":"https:\/\/campobadajoz.es\/fr\/?s={search_term_string}"},"query-input":{"@type":"PropertyValueSpecification","valueRequired":true,"valueName":"search_term_string"}}],"inLanguage":"fr-FR"},{"@type":"Organization","@id":"https:\/\/campobadajoz.es\/fr\/#organization","name":"Campo Badajoz","url":"https:\/\/campobadajoz.es\/fr\/","logo":{"@type":"ImageObject","inLanguage":"fr-FR","@id":"https:\/\/campobadajoz.es\/fr\/#\/schema\/logo\/image\/","url":"https:\/\/campobadajoz.es\/wp-content\/uploads\/2023\/05\/logo_blanco_png-1.webp","contentUrl":"https:\/\/campobadajoz.es\/wp-content\/uploads\/2023\/05\/logo_blanco_png-1.webp","width":800,"height":800,"caption":"Campo Badajoz"},"image":{"@id":"https:\/\/campobadajoz.es\/fr\/#\/schema\/logo\/image\/"},"sameAs":["https:\/\/www.facebook.com\/campobadajoz.ibericodecampo\/","https:\/\/x.com\/jamonibericos","https:\/\/www.linkedin.com\/company\/campo-&-badajoz\/about\/","https:\/\/www.instagram.com\/campobadajoz\/"]},{"@type":"Person","@id":"https:\/\/campobadajoz.es\/fr\/#\/schema\/person\/37c446acd9f2ba0f709e833c7a1490ef","name":"admin","image":{"@type":"ImageObject","inLanguage":"fr-FR","@id":"https:\/\/secure.gravatar.com\/avatar\/ada19a629247a62bceb166937da905f8fe69504f0ed4b6773688ebbb0514eb44?s=96&d=mm&r=g","url":"https:\/\/secure.gravatar.com\/avatar\/ada19a629247a62bceb166937da905f8fe69504f0ed4b6773688ebbb0514eb44?s=96&d=mm&r=g","contentUrl":"https:\/\/secure.gravatar.com\/avatar\/ada19a629247a62bceb166937da905f8fe69504f0ed4b6773688ebbb0514eb44?s=96&d=mm&r=g","caption":"admin"},"url":"https:\/\/campobadajoz.es\/fr\/author\/hosting_obe2tv4t\/"}]}},"_links":{"self":[{"href":"https:\/\/campobadajoz.es\/fr\/wp-json\/wp\/v2\/posts\/2860","targetHints":{"allow":["GET"]}}],"collection":[{"href":"https:\/\/campobadajoz.es\/fr\/wp-json\/wp\/v2\/posts"}],"about":[{"href":"https:\/\/campobadajoz.es\/fr\/wp-json\/wp\/v2\/types\/post"}],"author":[{"embeddable":true,"href":"https:\/\/campobadajoz.es\/fr\/wp-json\/wp\/v2\/users\/1"}],"replies":[{"embeddable":true,"href":"https:\/\/campobadajoz.es\/fr\/wp-json\/wp\/v2\/comments?post=2860"}],"version-history":[{"count":0,"href":"https:\/\/campobadajoz.es\/fr\/wp-json\/wp\/v2\/posts\/2860\/revisions"}],"wp:featuredmedia":[{"embeddable":true,"href":"https:\/\/campobadajoz.es\/fr\/wp-json\/wp\/v2\/media\/1422"}],"wp:attachment":[{"href":"https:\/\/campobadajoz.es\/fr\/wp-json\/wp\/v2\/media?parent=2860"}],"wp:term":[{"taxonomy":"category","embeddable":true,"href":"https:\/\/campobadajoz.es\/fr\/wp-json\/wp\/v2\/categories?post=2860"},{"taxonomy":"post_tag","embeddable":true,"href":"https:\/\/campobadajoz.es\/fr\/wp-json\/wp\/v2\/tags?post=2860"}],"curies":[{"name":"wp","href":"https:\/\/api.w.org\/{rel}","templated":true}]}}