{"id":2835,"date":"2023-06-01T14:57:08","date_gmt":"2023-06-01T14:57:08","guid":{"rendered":"https:\/\/campobadajoz.es\/il-prosciutto-iberico-e-uguale-al-prosciutto-pata-negra\/"},"modified":"2025-03-14T12:18:59","modified_gmt":"2025-03-14T12:18:59","slug":"il-prosciutto-iberico-e-uguale-al-prosciutto-pata-negra","status":"publish","type":"post","link":"https:\/\/campobadajoz.es\/it\/il-prosciutto-iberico-e-uguale-al-prosciutto-pata-negra\/","title":{"rendered":"Il prosciutto iberico \u00e8 uguale al prosciutto pata negra?"},"content":{"rendered":"<p>Quando si parla di prosciutto di alta qualit\u00e0, due termini che ricorrono spesso sono &#8220;jam\u00f3n ib\u00e9rico&#8221; e &#8220;jam\u00f3n de pata negra&#8221;. Questi nomi vengono utilizzati per descrivere due tipi di prosciutto premium, ma quali sono le reali differenze tra loro? In questo articolo esploreremo le caratteristiche uniche di ciascuna di esse e sveleremo i segreti di queste gemme culinarie.<\/p>\n<h2>Prosciutto iberico<\/h2>\n<p>Il prosciutto iberico \u00e8 una prelibatezza gastronomica che deriva dal maiale iberico, una razza originaria della penisola iberica. Questi suini sono allevati in condizioni speciali, alimentati principalmente con ghiande ed erba durante la fase montanera. Questa dieta naturale, ricca di acidi grassi insaturi, conferisce al prosciutto iberico il suo sapore caratteristico.<\/p>\n<p>Il prosciutto iberico \u00e8 caratterizzato da una consistenza liscia e succosa, da una marezzatura intramuscolare e da un sapore intenso e aromatico. Pu\u00f2 essere stagionato fino a diversi anni, il che gli conferisce una complessit\u00e0 di sapori unica. La classificazione del prosciutto iberico si basa sulla purezza della razza e sull&#8217;alimentazione del maiale: i prosciutti 100% iberici alimentati con ghiande sono i pi\u00f9 pregiati.<\/p>\n<h2>Prosciutto Pata negra<\/h2>\n<p>Il termine &#8220;pata negra&#8221; \u00e8 comunemente usato per indicare il prosciutto iberico di alta qualit\u00e0, ma pu\u00f2 anche riferirsi ad altri prosciutti stagionati di alta qualit\u00e0. Il nome deriva dal colore scuro dello zoccolo del maiale iberico. Pertanto, non tutti i prosciutti pata negra sono necessariamente prosciutti iberici.<\/p>\n<p>Il prosciutto Pata negra pu\u00f2 provenire da diverse razze di maiali, non esclusivamente da maiali iberici. Ne sono un esempio il pata negra Serrano, che proviene da maiali bianchi allevati nella regione spagnola di Teruel, o il pata negra italiano, prodotto da maiali allevati in Italia.<\/p>\n<h2>Differenze tra prosciutto iberico e prosciutto pata negra<\/h2>\n<p>La principale differenza tra il prosciutto iberico e il prosciutto pata negra sta nell&#8217;origine del maiale. Il prosciutto iberico proviene esclusivamente da maiali iberici, mentre il termine pata negra pu\u00f2 comprendere diversi tipi di prosciutto stagionato di alta qualit\u00e0.<\/p>\n<p>Un&#8217;altra differenza importante \u00e8 il cibo. I maiali iberici allevati per il prosciutto iberico vengono nutriti con ghiande ed erba durante la montanera, il che conferisce loro un sapore e una consistenza unici.<\/p>\n","protected":false},"excerpt":{"rendered":"<p>Quando si parla di prosciutto di alta qualit\u00e0, due termini che ricorrono spesso sono &#8220;jam\u00f3n ib\u00e9rico&#8221; e &#8220;jam\u00f3n de pata negra&#8221;. Questi nomi vengono utilizzati per descrivere due tipi di prosciutto premium, ma quali sono le reali differenze tra loro?<\/p>\n","protected":false},"author":1,"featured_media":1434,"comment_status":"closed","ping_status":"closed","sticky":false,"template":"","format":"standard","meta":{"_acf_changed":false,"footnotes":""},"categories":[70],"tags":[],"class_list":["post-2835","post","type-post","status-publish","format-standard","has-post-thumbnail","hentry","category-non-categorizzato"],"acf":[],"yoast_head":"<!-- This site is optimized with the Yoast SEO plugin v27.4 - https:\/\/yoast.com\/product\/yoast-seo-wordpress\/ -->\n<title>Jam\u00f3n Ib\u00e9rico: La Joya del Cerdo Ib\u00e9rico - Campo Badajoz<\/title>\n<meta name=\"description\" content=\"Descubre las caracter\u00edsticas \u00fanicas del Jam\u00f3n Ib\u00e9rico y c\u00f3mo se diferencia de otros tipos de jam\u00f3n de alta calidad.\" \/>\n<meta name=\"robots\" content=\"index, follow, max-snippet:-1, max-image-preview:large, max-video-preview:-1\" \/>\n<link rel=\"canonical\" href=\"https:\/\/campobadajoz.es\/it\/il-prosciutto-iberico-e-uguale-al-prosciutto-pata-negra\/\" \/>\n<meta property=\"og:locale\" content=\"it_IT\" \/>\n<meta property=\"og:type\" content=\"article\" \/>\n<meta property=\"og:title\" content=\"Jam\u00f3n Ib\u00e9rico: La Joya del Cerdo Ib\u00e9rico - Campo Badajoz\" \/>\n<meta property=\"og:description\" content=\"Descubre las caracter\u00edsticas \u00fanicas del Jam\u00f3n Ib\u00e9rico y c\u00f3mo se diferencia de otros tipos de jam\u00f3n de alta calidad.\" \/>\n<meta property=\"og:url\" content=\"https:\/\/campobadajoz.es\/it\/il-prosciutto-iberico-e-uguale-al-prosciutto-pata-negra\/\" \/>\n<meta property=\"og:site_name\" content=\"Campo Badajoz\" \/>\n<meta property=\"article:publisher\" content=\"https:\/\/www.facebook.com\/campobadajoz.ibericodecampo\/\" \/>\n<meta property=\"article:published_time\" content=\"2023-06-01T14:57:08+00:00\" \/>\n<meta property=\"article:modified_time\" content=\"2025-03-14T12:18:59+00:00\" \/>\n<meta property=\"og:image\" content=\"https:\/\/campobadajoz.es\/wp-content\/uploads\/2023\/06\/jamonsuprem-novedades-001.jpg\" \/>\n\t<meta property=\"og:image:width\" content=\"824\" \/>\n\t<meta property=\"og:image:height\" content=\"422\" \/>\n\t<meta property=\"og:image:type\" content=\"image\/jpeg\" \/>\n<meta name=\"author\" content=\"admin\" \/>\n<meta name=\"twitter:card\" content=\"summary_large_image\" \/>\n<meta name=\"twitter:creator\" content=\"@jamonibericos\" \/>\n<meta name=\"twitter:site\" content=\"@jamonibericos\" \/>\n<meta name=\"twitter:label1\" content=\"Written by\" \/>\n\t<meta name=\"twitter:data1\" content=\"admin\" \/>\n\t<meta name=\"twitter:label2\" content=\"Est. reading time\" \/>\n\t<meta name=\"twitter:data2\" content=\"2 minuti\" \/>\n<script type=\"application\/ld+json\" class=\"yoast-schema-graph\">{\"@context\":\"https:\\\/\\\/schema.org\",\"@graph\":[{\"@type\":\"Article\",\"@id\":\"https:\\\/\\\/campobadajoz.es\\\/it\\\/il-prosciutto-iberico-e-uguale-al-prosciutto-pata-negra\\\/#article\",\"isPartOf\":{\"@id\":\"https:\\\/\\\/campobadajoz.es\\\/it\\\/il-prosciutto-iberico-e-uguale-al-prosciutto-pata-negra\\\/\"},\"author\":{\"name\":\"admin\",\"@id\":\"https:\\\/\\\/campobadajoz.es\\\/it\\\/#\\\/schema\\\/person\\\/37c446acd9f2ba0f709e833c7a1490ef\"},\"headline\":\"Il prosciutto iberico \u00e8 uguale al prosciutto pata negra?\",\"datePublished\":\"2023-06-01T14:57:08+00:00\",\"dateModified\":\"2025-03-14T12:18:59+00:00\",\"mainEntityOfPage\":{\"@id\":\"https:\\\/\\\/campobadajoz.es\\\/it\\\/il-prosciutto-iberico-e-uguale-al-prosciutto-pata-negra\\\/\"},\"wordCount\":362,\"publisher\":{\"@id\":\"https:\\\/\\\/campobadajoz.es\\\/it\\\/#organization\"},\"image\":{\"@id\":\"https:\\\/\\\/campobadajoz.es\\\/it\\\/il-prosciutto-iberico-e-uguale-al-prosciutto-pata-negra\\\/#primaryimage\"},\"thumbnailUrl\":\"https:\\\/\\\/campobadajoz.es\\\/wp-content\\\/uploads\\\/2023\\\/06\\\/jamonsuprem-novedades-001.jpg\",\"articleSection\":[\"Non categorizzato\"],\"inLanguage\":\"it-IT\"},{\"@type\":\"WebPage\",\"@id\":\"https:\\\/\\\/campobadajoz.es\\\/it\\\/il-prosciutto-iberico-e-uguale-al-prosciutto-pata-negra\\\/\",\"url\":\"https:\\\/\\\/campobadajoz.es\\\/it\\\/il-prosciutto-iberico-e-uguale-al-prosciutto-pata-negra\\\/\",\"name\":\"Jam\u00f3n Ib\u00e9rico: La Joya del Cerdo Ib\u00e9rico - Campo Badajoz\",\"isPartOf\":{\"@id\":\"https:\\\/\\\/campobadajoz.es\\\/it\\\/#website\"},\"primaryImageOfPage\":{\"@id\":\"https:\\\/\\\/campobadajoz.es\\\/it\\\/il-prosciutto-iberico-e-uguale-al-prosciutto-pata-negra\\\/#primaryimage\"},\"image\":{\"@id\":\"https:\\\/\\\/campobadajoz.es\\\/it\\\/il-prosciutto-iberico-e-uguale-al-prosciutto-pata-negra\\\/#primaryimage\"},\"thumbnailUrl\":\"https:\\\/\\\/campobadajoz.es\\\/wp-content\\\/uploads\\\/2023\\\/06\\\/jamonsuprem-novedades-001.jpg\",\"datePublished\":\"2023-06-01T14:57:08+00:00\",\"dateModified\":\"2025-03-14T12:18:59+00:00\",\"description\":\"Descubre las caracter\u00edsticas \u00fanicas del Jam\u00f3n Ib\u00e9rico y c\u00f3mo se diferencia de otros tipos de jam\u00f3n de alta calidad.\",\"breadcrumb\":{\"@id\":\"https:\\\/\\\/campobadajoz.es\\\/it\\\/il-prosciutto-iberico-e-uguale-al-prosciutto-pata-negra\\\/#breadcrumb\"},\"inLanguage\":\"it-IT\",\"potentialAction\":[{\"@type\":\"ReadAction\",\"target\":[\"https:\\\/\\\/campobadajoz.es\\\/it\\\/il-prosciutto-iberico-e-uguale-al-prosciutto-pata-negra\\\/\"]}]},{\"@type\":\"ImageObject\",\"inLanguage\":\"it-IT\",\"@id\":\"https:\\\/\\\/campobadajoz.es\\\/it\\\/il-prosciutto-iberico-e-uguale-al-prosciutto-pata-negra\\\/#primaryimage\",\"url\":\"https:\\\/\\\/campobadajoz.es\\\/wp-content\\\/uploads\\\/2023\\\/06\\\/jamonsuprem-novedades-001.jpg\",\"contentUrl\":\"https:\\\/\\\/campobadajoz.es\\\/wp-content\\\/uploads\\\/2023\\\/06\\\/jamonsuprem-novedades-001.jpg\",\"width\":824,\"height\":422,\"caption\":\"Jam\u00f3n Cortado a Cuchillo\"},{\"@type\":\"BreadcrumbList\",\"@id\":\"https:\\\/\\\/campobadajoz.es\\\/it\\\/il-prosciutto-iberico-e-uguale-al-prosciutto-pata-negra\\\/#breadcrumb\",\"itemListElement\":[{\"@type\":\"ListItem\",\"position\":1,\"name\":\"Portada\",\"item\":\"https:\\\/\\\/campobadajoz.es\\\/it\\\/\"},{\"@type\":\"ListItem\",\"position\":2,\"name\":\"Il prosciutto iberico \u00e8 uguale al prosciutto pata negra?\"}]},{\"@type\":\"WebSite\",\"@id\":\"https:\\\/\\\/campobadajoz.es\\\/it\\\/#website\",\"url\":\"https:\\\/\\\/campobadajoz.es\\\/it\\\/\",\"name\":\"Campo Badajoz\",\"description\":\"Productos ib\u00e9ricos de calidad\",\"publisher\":{\"@id\":\"https:\\\/\\\/campobadajoz.es\\\/it\\\/#organization\"},\"potentialAction\":[{\"@type\":\"SearchAction\",\"target\":{\"@type\":\"EntryPoint\",\"urlTemplate\":\"https:\\\/\\\/campobadajoz.es\\\/it\\\/?s={search_term_string}\"},\"query-input\":{\"@type\":\"PropertyValueSpecification\",\"valueRequired\":true,\"valueName\":\"search_term_string\"}}],\"inLanguage\":\"it-IT\"},{\"@type\":\"Organization\",\"@id\":\"https:\\\/\\\/campobadajoz.es\\\/it\\\/#organization\",\"name\":\"Campo Badajoz\",\"url\":\"https:\\\/\\\/campobadajoz.es\\\/it\\\/\",\"logo\":{\"@type\":\"ImageObject\",\"inLanguage\":\"it-IT\",\"@id\":\"https:\\\/\\\/campobadajoz.es\\\/it\\\/#\\\/schema\\\/logo\\\/image\\\/\",\"url\":\"https:\\\/\\\/campobadajoz.es\\\/wp-content\\\/uploads\\\/2023\\\/05\\\/logo_blanco_png-1.webp\",\"contentUrl\":\"https:\\\/\\\/campobadajoz.es\\\/wp-content\\\/uploads\\\/2023\\\/05\\\/logo_blanco_png-1.webp\",\"width\":800,\"height\":800,\"caption\":\"Campo Badajoz\"},\"image\":{\"@id\":\"https:\\\/\\\/campobadajoz.es\\\/it\\\/#\\\/schema\\\/logo\\\/image\\\/\"},\"sameAs\":[\"https:\\\/\\\/www.facebook.com\\\/campobadajoz.ibericodecampo\\\/\",\"https:\\\/\\\/x.com\\\/jamonibericos\",\"https:\\\/\\\/www.linkedin.com\\\/company\\\/campo-&-badajoz\\\/about\\\/\",\"https:\\\/\\\/www.instagram.com\\\/campobadajoz\\\/\"]},{\"@type\":\"Person\",\"@id\":\"https:\\\/\\\/campobadajoz.es\\\/it\\\/#\\\/schema\\\/person\\\/37c446acd9f2ba0f709e833c7a1490ef\",\"name\":\"admin\",\"image\":{\"@type\":\"ImageObject\",\"inLanguage\":\"it-IT\",\"@id\":\"https:\\\/\\\/secure.gravatar.com\\\/avatar\\\/ada19a629247a62bceb166937da905f8fe69504f0ed4b6773688ebbb0514eb44?s=96&d=mm&r=g\",\"url\":\"https:\\\/\\\/secure.gravatar.com\\\/avatar\\\/ada19a629247a62bceb166937da905f8fe69504f0ed4b6773688ebbb0514eb44?s=96&d=mm&r=g\",\"contentUrl\":\"https:\\\/\\\/secure.gravatar.com\\\/avatar\\\/ada19a629247a62bceb166937da905f8fe69504f0ed4b6773688ebbb0514eb44?s=96&d=mm&r=g\",\"caption\":\"admin\"},\"url\":\"https:\\\/\\\/campobadajoz.es\\\/it\\\/author\\\/hosting_obe2tv4t\\\/\"}]}<\/script>\n<!-- \/ Yoast SEO plugin. -->","yoast_head_json":{"title":"Jam\u00f3n Ib\u00e9rico: La Joya del Cerdo Ib\u00e9rico - Campo Badajoz","description":"Descubre las caracter\u00edsticas \u00fanicas del Jam\u00f3n Ib\u00e9rico y c\u00f3mo se diferencia de otros tipos de jam\u00f3n de alta calidad.","robots":{"index":"index","follow":"follow","max-snippet":"max-snippet:-1","max-image-preview":"max-image-preview:large","max-video-preview":"max-video-preview:-1"},"canonical":"https:\/\/campobadajoz.es\/it\/il-prosciutto-iberico-e-uguale-al-prosciutto-pata-negra\/","og_locale":"it_IT","og_type":"article","og_title":"Jam\u00f3n Ib\u00e9rico: La Joya del Cerdo Ib\u00e9rico - Campo Badajoz","og_description":"Descubre las caracter\u00edsticas \u00fanicas del Jam\u00f3n Ib\u00e9rico y c\u00f3mo se diferencia de otros tipos de jam\u00f3n de alta calidad.","og_url":"https:\/\/campobadajoz.es\/it\/il-prosciutto-iberico-e-uguale-al-prosciutto-pata-negra\/","og_site_name":"Campo Badajoz","article_publisher":"https:\/\/www.facebook.com\/campobadajoz.ibericodecampo\/","article_published_time":"2023-06-01T14:57:08+00:00","article_modified_time":"2025-03-14T12:18:59+00:00","og_image":[{"width":824,"height":422,"url":"https:\/\/campobadajoz.es\/wp-content\/uploads\/2023\/06\/jamonsuprem-novedades-001.jpg","type":"image\/jpeg"}],"author":"admin","twitter_card":"summary_large_image","twitter_creator":"@jamonibericos","twitter_site":"@jamonibericos","twitter_misc":{"Written by":"admin","Est. reading time":"2 minuti"},"schema":{"@context":"https:\/\/schema.org","@graph":[{"@type":"Article","@id":"https:\/\/campobadajoz.es\/it\/il-prosciutto-iberico-e-uguale-al-prosciutto-pata-negra\/#article","isPartOf":{"@id":"https:\/\/campobadajoz.es\/it\/il-prosciutto-iberico-e-uguale-al-prosciutto-pata-negra\/"},"author":{"name":"admin","@id":"https:\/\/campobadajoz.es\/it\/#\/schema\/person\/37c446acd9f2ba0f709e833c7a1490ef"},"headline":"Il prosciutto iberico \u00e8 uguale al prosciutto pata negra?","datePublished":"2023-06-01T14:57:08+00:00","dateModified":"2025-03-14T12:18:59+00:00","mainEntityOfPage":{"@id":"https:\/\/campobadajoz.es\/it\/il-prosciutto-iberico-e-uguale-al-prosciutto-pata-negra\/"},"wordCount":362,"publisher":{"@id":"https:\/\/campobadajoz.es\/it\/#organization"},"image":{"@id":"https:\/\/campobadajoz.es\/it\/il-prosciutto-iberico-e-uguale-al-prosciutto-pata-negra\/#primaryimage"},"thumbnailUrl":"https:\/\/campobadajoz.es\/wp-content\/uploads\/2023\/06\/jamonsuprem-novedades-001.jpg","articleSection":["Non categorizzato"],"inLanguage":"it-IT"},{"@type":"WebPage","@id":"https:\/\/campobadajoz.es\/it\/il-prosciutto-iberico-e-uguale-al-prosciutto-pata-negra\/","url":"https:\/\/campobadajoz.es\/it\/il-prosciutto-iberico-e-uguale-al-prosciutto-pata-negra\/","name":"Jam\u00f3n Ib\u00e9rico: La Joya del Cerdo Ib\u00e9rico - Campo Badajoz","isPartOf":{"@id":"https:\/\/campobadajoz.es\/it\/#website"},"primaryImageOfPage":{"@id":"https:\/\/campobadajoz.es\/it\/il-prosciutto-iberico-e-uguale-al-prosciutto-pata-negra\/#primaryimage"},"image":{"@id":"https:\/\/campobadajoz.es\/it\/il-prosciutto-iberico-e-uguale-al-prosciutto-pata-negra\/#primaryimage"},"thumbnailUrl":"https:\/\/campobadajoz.es\/wp-content\/uploads\/2023\/06\/jamonsuprem-novedades-001.jpg","datePublished":"2023-06-01T14:57:08+00:00","dateModified":"2025-03-14T12:18:59+00:00","description":"Descubre las caracter\u00edsticas \u00fanicas del Jam\u00f3n Ib\u00e9rico y c\u00f3mo se diferencia de otros tipos de jam\u00f3n de alta calidad.","breadcrumb":{"@id":"https:\/\/campobadajoz.es\/it\/il-prosciutto-iberico-e-uguale-al-prosciutto-pata-negra\/#breadcrumb"},"inLanguage":"it-IT","potentialAction":[{"@type":"ReadAction","target":["https:\/\/campobadajoz.es\/it\/il-prosciutto-iberico-e-uguale-al-prosciutto-pata-negra\/"]}]},{"@type":"ImageObject","inLanguage":"it-IT","@id":"https:\/\/campobadajoz.es\/it\/il-prosciutto-iberico-e-uguale-al-prosciutto-pata-negra\/#primaryimage","url":"https:\/\/campobadajoz.es\/wp-content\/uploads\/2023\/06\/jamonsuprem-novedades-001.jpg","contentUrl":"https:\/\/campobadajoz.es\/wp-content\/uploads\/2023\/06\/jamonsuprem-novedades-001.jpg","width":824,"height":422,"caption":"Jam\u00f3n Cortado a Cuchillo"},{"@type":"BreadcrumbList","@id":"https:\/\/campobadajoz.es\/it\/il-prosciutto-iberico-e-uguale-al-prosciutto-pata-negra\/#breadcrumb","itemListElement":[{"@type":"ListItem","position":1,"name":"Portada","item":"https:\/\/campobadajoz.es\/it\/"},{"@type":"ListItem","position":2,"name":"Il prosciutto iberico \u00e8 uguale al prosciutto pata negra?"}]},{"@type":"WebSite","@id":"https:\/\/campobadajoz.es\/it\/#website","url":"https:\/\/campobadajoz.es\/it\/","name":"Campo Badajoz","description":"Productos ib\u00e9ricos de calidad","publisher":{"@id":"https:\/\/campobadajoz.es\/it\/#organization"},"potentialAction":[{"@type":"SearchAction","target":{"@type":"EntryPoint","urlTemplate":"https:\/\/campobadajoz.es\/it\/?s={search_term_string}"},"query-input":{"@type":"PropertyValueSpecification","valueRequired":true,"valueName":"search_term_string"}}],"inLanguage":"it-IT"},{"@type":"Organization","@id":"https:\/\/campobadajoz.es\/it\/#organization","name":"Campo Badajoz","url":"https:\/\/campobadajoz.es\/it\/","logo":{"@type":"ImageObject","inLanguage":"it-IT","@id":"https:\/\/campobadajoz.es\/it\/#\/schema\/logo\/image\/","url":"https:\/\/campobadajoz.es\/wp-content\/uploads\/2023\/05\/logo_blanco_png-1.webp","contentUrl":"https:\/\/campobadajoz.es\/wp-content\/uploads\/2023\/05\/logo_blanco_png-1.webp","width":800,"height":800,"caption":"Campo Badajoz"},"image":{"@id":"https:\/\/campobadajoz.es\/it\/#\/schema\/logo\/image\/"},"sameAs":["https:\/\/www.facebook.com\/campobadajoz.ibericodecampo\/","https:\/\/x.com\/jamonibericos","https:\/\/www.linkedin.com\/company\/campo-&-badajoz\/about\/","https:\/\/www.instagram.com\/campobadajoz\/"]},{"@type":"Person","@id":"https:\/\/campobadajoz.es\/it\/#\/schema\/person\/37c446acd9f2ba0f709e833c7a1490ef","name":"admin","image":{"@type":"ImageObject","inLanguage":"it-IT","@id":"https:\/\/secure.gravatar.com\/avatar\/ada19a629247a62bceb166937da905f8fe69504f0ed4b6773688ebbb0514eb44?s=96&d=mm&r=g","url":"https:\/\/secure.gravatar.com\/avatar\/ada19a629247a62bceb166937da905f8fe69504f0ed4b6773688ebbb0514eb44?s=96&d=mm&r=g","contentUrl":"https:\/\/secure.gravatar.com\/avatar\/ada19a629247a62bceb166937da905f8fe69504f0ed4b6773688ebbb0514eb44?s=96&d=mm&r=g","caption":"admin"},"url":"https:\/\/campobadajoz.es\/it\/author\/hosting_obe2tv4t\/"}]}},"_links":{"self":[{"href":"https:\/\/campobadajoz.es\/it\/wp-json\/wp\/v2\/posts\/2835","targetHints":{"allow":["GET"]}}],"collection":[{"href":"https:\/\/campobadajoz.es\/it\/wp-json\/wp\/v2\/posts"}],"about":[{"href":"https:\/\/campobadajoz.es\/it\/wp-json\/wp\/v2\/types\/post"}],"author":[{"embeddable":true,"href":"https:\/\/campobadajoz.es\/it\/wp-json\/wp\/v2\/users\/1"}],"replies":[{"embeddable":true,"href":"https:\/\/campobadajoz.es\/it\/wp-json\/wp\/v2\/comments?post=2835"}],"version-history":[{"count":3,"href":"https:\/\/campobadajoz.es\/it\/wp-json\/wp\/v2\/posts\/2835\/revisions"}],"predecessor-version":[{"id":7897,"href":"https:\/\/campobadajoz.es\/it\/wp-json\/wp\/v2\/posts\/2835\/revisions\/7897"}],"wp:featuredmedia":[{"embeddable":true,"href":"https:\/\/campobadajoz.es\/it\/wp-json\/wp\/v2\/media\/1434"}],"wp:attachment":[{"href":"https:\/\/campobadajoz.es\/it\/wp-json\/wp\/v2\/media?parent=2835"}],"wp:term":[{"taxonomy":"category","embeddable":true,"href":"https:\/\/campobadajoz.es\/it\/wp-json\/wp\/v2\/categories?post=2835"},{"taxonomy":"post_tag","embeddable":true,"href":"https:\/\/campobadajoz.es\/it\/wp-json\/wp\/v2\/tags?post=2835"}],"curies":[{"name":"wp","href":"https:\/\/api.w.org\/{rel}","templated":true}]}}