{"id":2841,"date":"2023-05-15T14:42:48","date_gmt":"2023-05-15T14:42:48","guid":{"rendered":"https:\/\/campobadajoz.es\/aeceriber-afferma-che-la-spagna-non-restera-senza-prosciutto-iberico\/"},"modified":"2023-05-15T14:42:48","modified_gmt":"2023-05-15T14:42:48","slug":"aeceriber-afferma-che-la-spagna-non-restera-senza-prosciutto-iberico","status":"publish","type":"post","link":"https:\/\/campobadajoz.es\/it\/aeceriber-afferma-che-la-spagna-non-restera-senza-prosciutto-iberico\/","title":{"rendered":"Aeceriber afferma che la Spagna non rester\u00e0 senza prosciutto iberico"},"content":{"rendered":"<p>Negli ultimi mesi si \u00e8 ipotizzato che la produzione di prosciutto iberico possa essere compromessa da diversi fattori, come la scarsit\u00e0 di materia prima e le condizioni climatiche. Tuttavia, Aeceriber si \u00e8 schierata contro queste preoccupazioni per rassicurare gli amanti del prosciutto iberico in tutto il Paese.<\/p>\n<p>Secondo il comunicato, Aeceriber ha lavorato a stretto contatto con i produttori e gli allevatori di suini iberici per garantire una fornitura costante di prosciutto iberico di alta qualit\u00e0. Hanno attuato misure per rafforzare la catena di approvvigionamento e garantire la sostenibilit\u00e0 a lungo termine dell&#8217;industria del prosciutto iberico in Spagna.<\/p>\n<p><strong>&#8220;Vogliamo inviare un messaggio di tranquillit\u00e0 a tutti i consumatori di prosciutto iberico in Spagna. Non c&#8217;\u00e8 motivo di preoccuparsi per la mancanza di questo prodotto cos\u00ec pregiato nella nostra gastronomia&#8221;<\/strong>, ha dichiarato il portavoce di Aeceriber. &#8220;Gli allevatori di suini iberici e i produttori di prosciutto si impegnano a garantire una fornitura continua e a soddisfare la crescente domanda di questa prelibatezza&#8221;.<\/p>\n<p>Il prosciutto iberico \u00e8 uno dei pilastri della gastronomia spagnola e il suo consumo a livello nazionale e internazionale \u00e8 aumentato costantemente negli ultimi anni. Il suo gusto unico e la sua qualit\u00e0 eccezionale lo rendono un vero e proprio tesoro culinario.<\/p>\n<p>Aeceriber ha inoltre sottolineato l&#8217;importanza di sostenere i produttori e gli allevatori locali, che svolgono un ruolo fondamentale nel preservare la tradizione e la qualit\u00e0 del prosciutto iberico. Hanno inoltre esortato i consumatori a informarsi sulle diverse categorie e sui marchi di qualit\u00e0 del prosciutto iberico, al fine di effettuare scelte consapevoli e godere appieno di questa prelibatezza gastronomica.<\/p>\n<p>In breve, Aeceriber assicura agli amanti del prosciutto iberico che la Spagna non rester\u00e0 senza questa prelibatezza. L&#8217;associazione sottolinea la dedizione e l&#8217;impegno di allevatori e produttori per mantenere l&#8217;offerta di prosciutto iberico e soddisfare la crescente domanda dei consumatori. I sapori e la tradizione del prosciutto iberico continueranno a deliziare i palati in Spagna e altrove.<\/p>\n","protected":false},"excerpt":{"rendered":"<p>In un comunicato diramato oggi, l&#8217;Associazione Spagnola degli Allevatori di Maiali Iberici (Aeceriber) ha dichiarato con fermezza che la fornitura di prosciutto iberico in Spagna \u00e8 assicurata e che non ci sar\u00e0 alcuna carenza di questa squisita prelibatezza.<\/p>\n","protected":false},"author":1,"featured_media":2163,"comment_status":"closed","ping_status":"closed","sticky":false,"template":"","format":"standard","meta":{"_acf_changed":false,"footnotes":""},"categories":[70],"tags":[],"class_list":["post-2841","post","type-post","status-publish","format-standard","has-post-thumbnail","hentry","category-non-categorizzato"],"acf":[],"yoast_head":"<!-- This site is optimized with the Yoast SEO plugin v27.4 - https:\/\/yoast.com\/product\/yoast-seo-wordpress\/ -->\n<title>Aeceriber afferma che la Spagna non rester\u00e0 senza prosciutto iberico - Campo Badajoz<\/title>\n<meta name=\"robots\" content=\"index, follow, max-snippet:-1, max-image-preview:large, max-video-preview:-1\" \/>\n<link rel=\"canonical\" href=\"https:\/\/campobadajoz.es\/it\/aeceriber-afferma-che-la-spagna-non-restera-senza-prosciutto-iberico\/\" \/>\n<meta property=\"og:locale\" content=\"it_IT\" \/>\n<meta property=\"og:type\" content=\"article\" \/>\n<meta property=\"og:title\" content=\"Aeceriber afferma che la Spagna non rester\u00e0 senza prosciutto iberico - Campo Badajoz\" \/>\n<meta property=\"og:description\" content=\"In un comunicato diramato oggi, l&#039;Associazione Spagnola degli Allevatori di Maiali Iberici (Aeceriber) ha dichiarato con fermezza che la fornitura di prosciutto iberico in Spagna \u00e8 assicurata e che non ci sar\u00e0 alcuna carenza di questa squisita prelibatezza.\" \/>\n<meta property=\"og:url\" content=\"https:\/\/campobadajoz.es\/it\/aeceriber-afferma-che-la-spagna-non-restera-senza-prosciutto-iberico\/\" \/>\n<meta property=\"og:site_name\" content=\"Campo Badajoz\" \/>\n<meta property=\"article:publisher\" content=\"https:\/\/www.facebook.com\/campobadajoz.ibericodecampo\/\" \/>\n<meta property=\"article:published_time\" content=\"2023-05-15T14:42:48+00:00\" \/>\n<meta property=\"og:image\" content=\"https:\/\/campobadajoz.es\/wp-content\/uploads\/2023\/06\/AdobeStock_130650104-1-scaled.webp\" \/>\n\t<meta property=\"og:image:width\" content=\"2560\" \/>\n\t<meta property=\"og:image:height\" content=\"1707\" \/>\n\t<meta property=\"og:image:type\" content=\"image\/webp\" \/>\n<meta name=\"author\" content=\"admin\" \/>\n<meta name=\"twitter:card\" content=\"summary_large_image\" \/>\n<meta name=\"twitter:creator\" content=\"@jamonibericos\" \/>\n<meta name=\"twitter:site\" content=\"@jamonibericos\" \/>\n<meta name=\"twitter:label1\" content=\"Written by\" \/>\n\t<meta name=\"twitter:data1\" content=\"admin\" \/>\n\t<meta name=\"twitter:label2\" content=\"Est. reading time\" \/>\n\t<meta name=\"twitter:data2\" content=\"2 minuti\" \/>\n<script type=\"application\/ld+json\" class=\"yoast-schema-graph\">{\"@context\":\"https:\\\/\\\/schema.org\",\"@graph\":[{\"@type\":\"Article\",\"@id\":\"https:\\\/\\\/campobadajoz.es\\\/it\\\/aeceriber-afferma-che-la-spagna-non-restera-senza-prosciutto-iberico\\\/#article\",\"isPartOf\":{\"@id\":\"https:\\\/\\\/campobadajoz.es\\\/it\\\/aeceriber-afferma-che-la-spagna-non-restera-senza-prosciutto-iberico\\\/\"},\"author\":{\"name\":\"admin\",\"@id\":\"https:\\\/\\\/campobadajoz.es\\\/it\\\/#\\\/schema\\\/person\\\/37c446acd9f2ba0f709e833c7a1490ef\"},\"headline\":\"Aeceriber afferma che la Spagna non rester\u00e0 senza prosciutto iberico\",\"datePublished\":\"2023-05-15T14:42:48+00:00\",\"mainEntityOfPage\":{\"@id\":\"https:\\\/\\\/campobadajoz.es\\\/it\\\/aeceriber-afferma-che-la-spagna-non-restera-senza-prosciutto-iberico\\\/\"},\"wordCount\":330,\"publisher\":{\"@id\":\"https:\\\/\\\/campobadajoz.es\\\/it\\\/#organization\"},\"image\":{\"@id\":\"https:\\\/\\\/campobadajoz.es\\\/it\\\/aeceriber-afferma-che-la-spagna-non-restera-senza-prosciutto-iberico\\\/#primaryimage\"},\"thumbnailUrl\":\"https:\\\/\\\/campobadajoz.es\\\/wp-content\\\/uploads\\\/2023\\\/06\\\/AdobeStock_130650104-1-scaled.webp\",\"articleSection\":[\"Non categorizzato\"],\"inLanguage\":\"it-IT\"},{\"@type\":\"WebPage\",\"@id\":\"https:\\\/\\\/campobadajoz.es\\\/it\\\/aeceriber-afferma-che-la-spagna-non-restera-senza-prosciutto-iberico\\\/\",\"url\":\"https:\\\/\\\/campobadajoz.es\\\/it\\\/aeceriber-afferma-che-la-spagna-non-restera-senza-prosciutto-iberico\\\/\",\"name\":\"Aeceriber afferma che la Spagna non rester\u00e0 senza prosciutto iberico - Campo Badajoz\",\"isPartOf\":{\"@id\":\"https:\\\/\\\/campobadajoz.es\\\/it\\\/#website\"},\"primaryImageOfPage\":{\"@id\":\"https:\\\/\\\/campobadajoz.es\\\/it\\\/aeceriber-afferma-che-la-spagna-non-restera-senza-prosciutto-iberico\\\/#primaryimage\"},\"image\":{\"@id\":\"https:\\\/\\\/campobadajoz.es\\\/it\\\/aeceriber-afferma-che-la-spagna-non-restera-senza-prosciutto-iberico\\\/#primaryimage\"},\"thumbnailUrl\":\"https:\\\/\\\/campobadajoz.es\\\/wp-content\\\/uploads\\\/2023\\\/06\\\/AdobeStock_130650104-1-scaled.webp\",\"datePublished\":\"2023-05-15T14:42:48+00:00\",\"breadcrumb\":{\"@id\":\"https:\\\/\\\/campobadajoz.es\\\/it\\\/aeceriber-afferma-che-la-spagna-non-restera-senza-prosciutto-iberico\\\/#breadcrumb\"},\"inLanguage\":\"it-IT\",\"potentialAction\":[{\"@type\":\"ReadAction\",\"target\":[\"https:\\\/\\\/campobadajoz.es\\\/it\\\/aeceriber-afferma-che-la-spagna-non-restera-senza-prosciutto-iberico\\\/\"]}]},{\"@type\":\"ImageObject\",\"inLanguage\":\"it-IT\",\"@id\":\"https:\\\/\\\/campobadajoz.es\\\/it\\\/aeceriber-afferma-che-la-spagna-non-restera-senza-prosciutto-iberico\\\/#primaryimage\",\"url\":\"https:\\\/\\\/campobadajoz.es\\\/wp-content\\\/uploads\\\/2023\\\/06\\\/AdobeStock_130650104-1-scaled.webp\",\"contentUrl\":\"https:\\\/\\\/campobadajoz.es\\\/wp-content\\\/uploads\\\/2023\\\/06\\\/AdobeStock_130650104-1-scaled.webp\",\"width\":2560,\"height\":1707,\"caption\":\"Dehesa Extreme\u00f1a Cerdos\"},{\"@type\":\"BreadcrumbList\",\"@id\":\"https:\\\/\\\/campobadajoz.es\\\/it\\\/aeceriber-afferma-che-la-spagna-non-restera-senza-prosciutto-iberico\\\/#breadcrumb\",\"itemListElement\":[{\"@type\":\"ListItem\",\"position\":1,\"name\":\"Portada\",\"item\":\"https:\\\/\\\/campobadajoz.es\\\/it\\\/\"},{\"@type\":\"ListItem\",\"position\":2,\"name\":\"Aeceriber afferma che la Spagna non rester\u00e0 senza prosciutto iberico\"}]},{\"@type\":\"WebSite\",\"@id\":\"https:\\\/\\\/campobadajoz.es\\\/it\\\/#website\",\"url\":\"https:\\\/\\\/campobadajoz.es\\\/it\\\/\",\"name\":\"Campo Badajoz\",\"description\":\"Productos ib\u00e9ricos de calidad\",\"publisher\":{\"@id\":\"https:\\\/\\\/campobadajoz.es\\\/it\\\/#organization\"},\"potentialAction\":[{\"@type\":\"SearchAction\",\"target\":{\"@type\":\"EntryPoint\",\"urlTemplate\":\"https:\\\/\\\/campobadajoz.es\\\/it\\\/?s={search_term_string}\"},\"query-input\":{\"@type\":\"PropertyValueSpecification\",\"valueRequired\":true,\"valueName\":\"search_term_string\"}}],\"inLanguage\":\"it-IT\"},{\"@type\":\"Organization\",\"@id\":\"https:\\\/\\\/campobadajoz.es\\\/it\\\/#organization\",\"name\":\"Campo Badajoz\",\"url\":\"https:\\\/\\\/campobadajoz.es\\\/it\\\/\",\"logo\":{\"@type\":\"ImageObject\",\"inLanguage\":\"it-IT\",\"@id\":\"https:\\\/\\\/campobadajoz.es\\\/it\\\/#\\\/schema\\\/logo\\\/image\\\/\",\"url\":\"https:\\\/\\\/campobadajoz.es\\\/wp-content\\\/uploads\\\/2023\\\/05\\\/logo_blanco_png-1.webp\",\"contentUrl\":\"https:\\\/\\\/campobadajoz.es\\\/wp-content\\\/uploads\\\/2023\\\/05\\\/logo_blanco_png-1.webp\",\"width\":800,\"height\":800,\"caption\":\"Campo Badajoz\"},\"image\":{\"@id\":\"https:\\\/\\\/campobadajoz.es\\\/it\\\/#\\\/schema\\\/logo\\\/image\\\/\"},\"sameAs\":[\"https:\\\/\\\/www.facebook.com\\\/campobadajoz.ibericodecampo\\\/\",\"https:\\\/\\\/x.com\\\/jamonibericos\",\"https:\\\/\\\/www.linkedin.com\\\/company\\\/campo-&-badajoz\\\/about\\\/\",\"https:\\\/\\\/www.instagram.com\\\/campobadajoz\\\/\"]},{\"@type\":\"Person\",\"@id\":\"https:\\\/\\\/campobadajoz.es\\\/it\\\/#\\\/schema\\\/person\\\/37c446acd9f2ba0f709e833c7a1490ef\",\"name\":\"admin\",\"image\":{\"@type\":\"ImageObject\",\"inLanguage\":\"it-IT\",\"@id\":\"https:\\\/\\\/secure.gravatar.com\\\/avatar\\\/ada19a629247a62bceb166937da905f8fe69504f0ed4b6773688ebbb0514eb44?s=96&d=mm&r=g\",\"url\":\"https:\\\/\\\/secure.gravatar.com\\\/avatar\\\/ada19a629247a62bceb166937da905f8fe69504f0ed4b6773688ebbb0514eb44?s=96&d=mm&r=g\",\"contentUrl\":\"https:\\\/\\\/secure.gravatar.com\\\/avatar\\\/ada19a629247a62bceb166937da905f8fe69504f0ed4b6773688ebbb0514eb44?s=96&d=mm&r=g\",\"caption\":\"admin\"},\"url\":\"https:\\\/\\\/campobadajoz.es\\\/it\\\/author\\\/hosting_obe2tv4t\\\/\"}]}<\/script>\n<!-- \/ Yoast SEO plugin. -->","yoast_head_json":{"title":"Aeceriber afferma che la Spagna non rester\u00e0 senza prosciutto iberico - Campo Badajoz","robots":{"index":"index","follow":"follow","max-snippet":"max-snippet:-1","max-image-preview":"max-image-preview:large","max-video-preview":"max-video-preview:-1"},"canonical":"https:\/\/campobadajoz.es\/it\/aeceriber-afferma-che-la-spagna-non-restera-senza-prosciutto-iberico\/","og_locale":"it_IT","og_type":"article","og_title":"Aeceriber afferma che la Spagna non rester\u00e0 senza prosciutto iberico - Campo Badajoz","og_description":"In un comunicato diramato oggi, l'Associazione Spagnola degli Allevatori di Maiali Iberici (Aeceriber) ha dichiarato con fermezza che la fornitura di prosciutto iberico in Spagna \u00e8 assicurata e che non ci sar\u00e0 alcuna carenza di questa squisita prelibatezza.","og_url":"https:\/\/campobadajoz.es\/it\/aeceriber-afferma-che-la-spagna-non-restera-senza-prosciutto-iberico\/","og_site_name":"Campo Badajoz","article_publisher":"https:\/\/www.facebook.com\/campobadajoz.ibericodecampo\/","article_published_time":"2023-05-15T14:42:48+00:00","og_image":[{"width":2560,"height":1707,"url":"https:\/\/campobadajoz.es\/wp-content\/uploads\/2023\/06\/AdobeStock_130650104-1-scaled.webp","type":"image\/webp"}],"author":"admin","twitter_card":"summary_large_image","twitter_creator":"@jamonibericos","twitter_site":"@jamonibericos","twitter_misc":{"Written by":"admin","Est. reading time":"2 minuti"},"schema":{"@context":"https:\/\/schema.org","@graph":[{"@type":"Article","@id":"https:\/\/campobadajoz.es\/it\/aeceriber-afferma-che-la-spagna-non-restera-senza-prosciutto-iberico\/#article","isPartOf":{"@id":"https:\/\/campobadajoz.es\/it\/aeceriber-afferma-che-la-spagna-non-restera-senza-prosciutto-iberico\/"},"author":{"name":"admin","@id":"https:\/\/campobadajoz.es\/it\/#\/schema\/person\/37c446acd9f2ba0f709e833c7a1490ef"},"headline":"Aeceriber afferma che la Spagna non rester\u00e0 senza prosciutto iberico","datePublished":"2023-05-15T14:42:48+00:00","mainEntityOfPage":{"@id":"https:\/\/campobadajoz.es\/it\/aeceriber-afferma-che-la-spagna-non-restera-senza-prosciutto-iberico\/"},"wordCount":330,"publisher":{"@id":"https:\/\/campobadajoz.es\/it\/#organization"},"image":{"@id":"https:\/\/campobadajoz.es\/it\/aeceriber-afferma-che-la-spagna-non-restera-senza-prosciutto-iberico\/#primaryimage"},"thumbnailUrl":"https:\/\/campobadajoz.es\/wp-content\/uploads\/2023\/06\/AdobeStock_130650104-1-scaled.webp","articleSection":["Non categorizzato"],"inLanguage":"it-IT"},{"@type":"WebPage","@id":"https:\/\/campobadajoz.es\/it\/aeceriber-afferma-che-la-spagna-non-restera-senza-prosciutto-iberico\/","url":"https:\/\/campobadajoz.es\/it\/aeceriber-afferma-che-la-spagna-non-restera-senza-prosciutto-iberico\/","name":"Aeceriber afferma che la Spagna non rester\u00e0 senza prosciutto iberico - Campo Badajoz","isPartOf":{"@id":"https:\/\/campobadajoz.es\/it\/#website"},"primaryImageOfPage":{"@id":"https:\/\/campobadajoz.es\/it\/aeceriber-afferma-che-la-spagna-non-restera-senza-prosciutto-iberico\/#primaryimage"},"image":{"@id":"https:\/\/campobadajoz.es\/it\/aeceriber-afferma-che-la-spagna-non-restera-senza-prosciutto-iberico\/#primaryimage"},"thumbnailUrl":"https:\/\/campobadajoz.es\/wp-content\/uploads\/2023\/06\/AdobeStock_130650104-1-scaled.webp","datePublished":"2023-05-15T14:42:48+00:00","breadcrumb":{"@id":"https:\/\/campobadajoz.es\/it\/aeceriber-afferma-che-la-spagna-non-restera-senza-prosciutto-iberico\/#breadcrumb"},"inLanguage":"it-IT","potentialAction":[{"@type":"ReadAction","target":["https:\/\/campobadajoz.es\/it\/aeceriber-afferma-che-la-spagna-non-restera-senza-prosciutto-iberico\/"]}]},{"@type":"ImageObject","inLanguage":"it-IT","@id":"https:\/\/campobadajoz.es\/it\/aeceriber-afferma-che-la-spagna-non-restera-senza-prosciutto-iberico\/#primaryimage","url":"https:\/\/campobadajoz.es\/wp-content\/uploads\/2023\/06\/AdobeStock_130650104-1-scaled.webp","contentUrl":"https:\/\/campobadajoz.es\/wp-content\/uploads\/2023\/06\/AdobeStock_130650104-1-scaled.webp","width":2560,"height":1707,"caption":"Dehesa Extreme\u00f1a Cerdos"},{"@type":"BreadcrumbList","@id":"https:\/\/campobadajoz.es\/it\/aeceriber-afferma-che-la-spagna-non-restera-senza-prosciutto-iberico\/#breadcrumb","itemListElement":[{"@type":"ListItem","position":1,"name":"Portada","item":"https:\/\/campobadajoz.es\/it\/"},{"@type":"ListItem","position":2,"name":"Aeceriber afferma che la Spagna non rester\u00e0 senza prosciutto iberico"}]},{"@type":"WebSite","@id":"https:\/\/campobadajoz.es\/it\/#website","url":"https:\/\/campobadajoz.es\/it\/","name":"Campo Badajoz","description":"Productos ib\u00e9ricos de calidad","publisher":{"@id":"https:\/\/campobadajoz.es\/it\/#organization"},"potentialAction":[{"@type":"SearchAction","target":{"@type":"EntryPoint","urlTemplate":"https:\/\/campobadajoz.es\/it\/?s={search_term_string}"},"query-input":{"@type":"PropertyValueSpecification","valueRequired":true,"valueName":"search_term_string"}}],"inLanguage":"it-IT"},{"@type":"Organization","@id":"https:\/\/campobadajoz.es\/it\/#organization","name":"Campo Badajoz","url":"https:\/\/campobadajoz.es\/it\/","logo":{"@type":"ImageObject","inLanguage":"it-IT","@id":"https:\/\/campobadajoz.es\/it\/#\/schema\/logo\/image\/","url":"https:\/\/campobadajoz.es\/wp-content\/uploads\/2023\/05\/logo_blanco_png-1.webp","contentUrl":"https:\/\/campobadajoz.es\/wp-content\/uploads\/2023\/05\/logo_blanco_png-1.webp","width":800,"height":800,"caption":"Campo Badajoz"},"image":{"@id":"https:\/\/campobadajoz.es\/it\/#\/schema\/logo\/image\/"},"sameAs":["https:\/\/www.facebook.com\/campobadajoz.ibericodecampo\/","https:\/\/x.com\/jamonibericos","https:\/\/www.linkedin.com\/company\/campo-&-badajoz\/about\/","https:\/\/www.instagram.com\/campobadajoz\/"]},{"@type":"Person","@id":"https:\/\/campobadajoz.es\/it\/#\/schema\/person\/37c446acd9f2ba0f709e833c7a1490ef","name":"admin","image":{"@type":"ImageObject","inLanguage":"it-IT","@id":"https:\/\/secure.gravatar.com\/avatar\/ada19a629247a62bceb166937da905f8fe69504f0ed4b6773688ebbb0514eb44?s=96&d=mm&r=g","url":"https:\/\/secure.gravatar.com\/avatar\/ada19a629247a62bceb166937da905f8fe69504f0ed4b6773688ebbb0514eb44?s=96&d=mm&r=g","contentUrl":"https:\/\/secure.gravatar.com\/avatar\/ada19a629247a62bceb166937da905f8fe69504f0ed4b6773688ebbb0514eb44?s=96&d=mm&r=g","caption":"admin"},"url":"https:\/\/campobadajoz.es\/it\/author\/hosting_obe2tv4t\/"}]}},"_links":{"self":[{"href":"https:\/\/campobadajoz.es\/it\/wp-json\/wp\/v2\/posts\/2841","targetHints":{"allow":["GET"]}}],"collection":[{"href":"https:\/\/campobadajoz.es\/it\/wp-json\/wp\/v2\/posts"}],"about":[{"href":"https:\/\/campobadajoz.es\/it\/wp-json\/wp\/v2\/types\/post"}],"author":[{"embeddable":true,"href":"https:\/\/campobadajoz.es\/it\/wp-json\/wp\/v2\/users\/1"}],"replies":[{"embeddable":true,"href":"https:\/\/campobadajoz.es\/it\/wp-json\/wp\/v2\/comments?post=2841"}],"version-history":[{"count":0,"href":"https:\/\/campobadajoz.es\/it\/wp-json\/wp\/v2\/posts\/2841\/revisions"}],"wp:featuredmedia":[{"embeddable":true,"href":"https:\/\/campobadajoz.es\/it\/wp-json\/wp\/v2\/media\/2163"}],"wp:attachment":[{"href":"https:\/\/campobadajoz.es\/it\/wp-json\/wp\/v2\/media?parent=2841"}],"wp:term":[{"taxonomy":"category","embeddable":true,"href":"https:\/\/campobadajoz.es\/it\/wp-json\/wp\/v2\/categories?post=2841"},{"taxonomy":"post_tag","embeddable":true,"href":"https:\/\/campobadajoz.es\/it\/wp-json\/wp\/v2\/tags?post=2841"}],"curies":[{"name":"wp","href":"https:\/\/api.w.org\/{rel}","templated":true}]}}