{"id":2837,"date":"2023-06-01T14:57:08","date_gmt":"2023-06-01T14:57:08","guid":{"rendered":"https:\/\/campobadajoz.es\/o-presunto-iberico-e-o-mesmo-que-o-presunto-pata-negra\/"},"modified":"2023-06-01T14:57:08","modified_gmt":"2023-06-01T14:57:08","slug":"o-presunto-iberico-e-o-mesmo-que-o-presunto-pata-negra","status":"publish","type":"post","link":"https:\/\/campobadajoz.es\/pt-br\/o-presunto-iberico-e-o-mesmo-que-o-presunto-pata-negra\/","title":{"rendered":"O presunto ib\u00e9rico \u00e9 o mesmo que o presunto pata negra?"},"content":{"rendered":"<p>Quando se fala de presunto de qualidade superior, dois termos que surgem frequentemente s\u00e3o &#8220;jam\u00f3n ib\u00e9rico&#8221; e &#8220;jam\u00f3n de pata negra&#8221;. Estes nomes s\u00e3o utilizados para descrever dois tipos de presunto de primeira qualidade, mas quais s\u00e3o as verdadeiras diferen\u00e7as entre eles? Neste artigo, vamos explorar as caracter\u00edsticas \u00fanicas de cada um e revelar os segredos por detr\u00e1s destas j\u00f3ias culin\u00e1rias.<\/p>\n<h2>Presunto ib\u00e9rico<\/h2>\n<p>O presunto ib\u00e9rico \u00e9 uma iguaria gastron\u00f3mica proveniente do porco ib\u00e9rico, uma ra\u00e7a origin\u00e1ria da Pen\u00ednsula Ib\u00e9rica. Estes porcos s\u00e3o criados em condi\u00e7\u00f5es especiais, alimentados principalmente com bolotas e erva durante a fase de montanheira. Esta alimenta\u00e7\u00e3o natural, rica em \u00e1cidos gordos insaturados, confere ao presunto ib\u00e9rico o seu sabor carater\u00edstico.<\/p>\n<p>O presunto ib\u00e9rico caracteriza-se pela sua textura suave e suculenta, pelo seu marmoreado intramuscular e pelo seu sabor intenso e arom\u00e1tico. Pode ser curado durante v\u00e1rios anos, o que lhe confere uma complexidade de sabores \u00fanica. A classifica\u00e7\u00e3o do presunto ib\u00e9rico baseia-se na pureza da ra\u00e7a e na alimenta\u00e7\u00e3o do porco, sendo os presuntos 100% ib\u00e9ricos alimentados com bolota os mais valorizados.<\/p>\n<h2>Presunto pata negra<\/h2>\n<p>O termo &#8220;pata negra&#8221; \u00e9 geralmente utilizado para designar o presunto ib\u00e9rico da mais alta qualidade, mas pode tamb\u00e9m referir-se a outros presuntos curados de alta qualidade. Este nome prov\u00e9m da cor escura do casco do porco ib\u00e9rico. Por conseguinte, nem todos os presuntos pata negra s\u00e3o necessariamente presuntos ib\u00e9ricos.<\/p>\n<p>O presunto pata negra pode provir de diferentes ra\u00e7as de su\u00ednos, n\u00e3o sendo exclusivamente de su\u00ednos ib\u00e9ricos. Exemplos disso s\u00e3o o presunto pata negra Serrano, proveniente de porcos brancos criados na regi\u00e3o de Teruel, em Espanha, ou o presunto pata negra italiano, produzido a partir de porcos criados em It\u00e1lia.<\/p>\n<h2>Diferen\u00e7as entre o presunto ib\u00e9rico e o presunto pata negra<\/h2>\n<p>A principal diferen\u00e7a entre o presunto ib\u00e9rico e o presunto pata negra reside na origem do porco. O presunto ib\u00e9rico prov\u00e9m exclusivamente de porcos ib\u00e9ricos, enquanto o termo pata negra pode englobar diferentes tipos de presunto curado de alta qualidade.<\/p>\n<p>Outra diferen\u00e7a importante \u00e9 a alimenta\u00e7\u00e3o. Os porcos ib\u00e9ricos criados para a produ\u00e7\u00e3o de presunto ib\u00e9rico s\u00e3o alimentados com bolotas e erva durante a montanheira, o que lhes confere um sabor e uma textura \u00fanicos.<\/p>\n","protected":false},"excerpt":{"rendered":"<p>Quando se fala de presunto de qualidade superior, dois termos que surgem frequentemente s\u00e3o &#8220;jam\u00f3n ib\u00e9rico&#8221; e &#8220;jam\u00f3n de pata negra&#8221;. Estes nomes s\u00e3o utilizados para descrever dois tipos de presunto de primeira qualidade, mas quais s\u00e3o as verdadeiras diferen\u00e7as entre eles?<\/p>\n","protected":false},"author":1,"featured_media":1436,"comment_status":"closed","ping_status":"closed","sticky":false,"template":"","format":"standard","meta":{"_acf_changed":false,"footnotes":""},"categories":[72],"tags":[],"class_list":["post-2837","post","type-post","status-publish","format-standard","has-post-thumbnail","hentry","category-nao-categorizado"],"acf":[],"yoast_head":"<!-- This site is optimized with the Yoast SEO plugin v27.4 - https:\/\/yoast.com\/product\/yoast-seo-wordpress\/ -->\n<title>O presunto ib\u00e9rico \u00e9 o mesmo que o presunto pata negra? - Campo Badajoz<\/title>\n<meta name=\"robots\" content=\"index, follow, max-snippet:-1, max-image-preview:large, max-video-preview:-1\" \/>\n<link rel=\"canonical\" href=\"https:\/\/campobadajoz.es\/pt-br\/o-presunto-iberico-e-o-mesmo-que-o-presunto-pata-negra\/\" \/>\n<meta property=\"og:locale\" content=\"pt_BR\" \/>\n<meta property=\"og:type\" content=\"article\" \/>\n<meta property=\"og:title\" content=\"O presunto ib\u00e9rico \u00e9 o mesmo que o presunto pata negra? - Campo Badajoz\" \/>\n<meta property=\"og:description\" content=\"Quando se fala de presunto de qualidade superior, dois termos que surgem frequentemente s\u00e3o &quot;jam\u00f3n ib\u00e9rico&quot; e &quot;jam\u00f3n de pata negra&quot;. Estes nomes s\u00e3o utilizados para descrever dois tipos de presunto de primeira qualidade, mas quais s\u00e3o as verdadeiras diferen\u00e7as entre eles?\" \/>\n<meta property=\"og:url\" content=\"https:\/\/campobadajoz.es\/pt-br\/o-presunto-iberico-e-o-mesmo-que-o-presunto-pata-negra\/\" \/>\n<meta property=\"og:site_name\" content=\"Campo Badajoz\" \/>\n<meta property=\"article:publisher\" content=\"https:\/\/www.facebook.com\/campobadajoz.ibericodecampo\/\" \/>\n<meta property=\"article:published_time\" content=\"2023-06-01T14:57:08+00:00\" \/>\n<meta property=\"og:image\" content=\"https:\/\/campobadajoz.es\/wp-content\/uploads\/2023\/06\/jamonsuprem-novedades-001.jpg\" \/>\n\t<meta property=\"og:image:width\" content=\"824\" \/>\n\t<meta property=\"og:image:height\" content=\"422\" \/>\n\t<meta property=\"og:image:type\" content=\"image\/jpeg\" \/>\n<meta name=\"author\" content=\"admin\" \/>\n<meta name=\"twitter:card\" content=\"summary_large_image\" \/>\n<meta name=\"twitter:creator\" content=\"@jamonibericos\" \/>\n<meta name=\"twitter:site\" content=\"@jamonibericos\" \/>\n<meta name=\"twitter:label1\" content=\"Written by\" \/>\n\t<meta name=\"twitter:data1\" content=\"admin\" \/>\n\t<meta name=\"twitter:label2\" content=\"Est. reading time\" \/>\n\t<meta name=\"twitter:data2\" content=\"2 minutos\" \/>\n<script type=\"application\/ld+json\" class=\"yoast-schema-graph\">{\"@context\":\"https:\\\/\\\/schema.org\",\"@graph\":[{\"@type\":\"Article\",\"@id\":\"https:\\\/\\\/campobadajoz.es\\\/pt-br\\\/o-presunto-iberico-e-o-mesmo-que-o-presunto-pata-negra\\\/#article\",\"isPartOf\":{\"@id\":\"https:\\\/\\\/campobadajoz.es\\\/pt-br\\\/o-presunto-iberico-e-o-mesmo-que-o-presunto-pata-negra\\\/\"},\"author\":{\"name\":\"admin\",\"@id\":\"https:\\\/\\\/campobadajoz.es\\\/pt-br\\\/#\\\/schema\\\/person\\\/37c446acd9f2ba0f709e833c7a1490ef\"},\"headline\":\"O presunto ib\u00e9rico \u00e9 o mesmo que o presunto pata negra?\",\"datePublished\":\"2023-06-01T14:57:08+00:00\",\"mainEntityOfPage\":{\"@id\":\"https:\\\/\\\/campobadajoz.es\\\/pt-br\\\/o-presunto-iberico-e-o-mesmo-que-o-presunto-pata-negra\\\/\"},\"wordCount\":430,\"publisher\":{\"@id\":\"https:\\\/\\\/campobadajoz.es\\\/pt-br\\\/#organization\"},\"image\":{\"@id\":\"https:\\\/\\\/campobadajoz.es\\\/pt-br\\\/o-presunto-iberico-e-o-mesmo-que-o-presunto-pata-negra\\\/#primaryimage\"},\"thumbnailUrl\":\"https:\\\/\\\/campobadajoz.es\\\/wp-content\\\/uploads\\\/2023\\\/06\\\/jamonsuprem-novedades-001.jpg\",\"articleSection\":[\"N\u00e3o categorizado\"],\"inLanguage\":\"pt-BR\"},{\"@type\":\"WebPage\",\"@id\":\"https:\\\/\\\/campobadajoz.es\\\/pt-br\\\/o-presunto-iberico-e-o-mesmo-que-o-presunto-pata-negra\\\/\",\"url\":\"https:\\\/\\\/campobadajoz.es\\\/pt-br\\\/o-presunto-iberico-e-o-mesmo-que-o-presunto-pata-negra\\\/\",\"name\":\"O presunto ib\u00e9rico \u00e9 o mesmo que o presunto pata negra? - Campo Badajoz\",\"isPartOf\":{\"@id\":\"https:\\\/\\\/campobadajoz.es\\\/pt-br\\\/#website\"},\"primaryImageOfPage\":{\"@id\":\"https:\\\/\\\/campobadajoz.es\\\/pt-br\\\/o-presunto-iberico-e-o-mesmo-que-o-presunto-pata-negra\\\/#primaryimage\"},\"image\":{\"@id\":\"https:\\\/\\\/campobadajoz.es\\\/pt-br\\\/o-presunto-iberico-e-o-mesmo-que-o-presunto-pata-negra\\\/#primaryimage\"},\"thumbnailUrl\":\"https:\\\/\\\/campobadajoz.es\\\/wp-content\\\/uploads\\\/2023\\\/06\\\/jamonsuprem-novedades-001.jpg\",\"datePublished\":\"2023-06-01T14:57:08+00:00\",\"breadcrumb\":{\"@id\":\"https:\\\/\\\/campobadajoz.es\\\/pt-br\\\/o-presunto-iberico-e-o-mesmo-que-o-presunto-pata-negra\\\/#breadcrumb\"},\"inLanguage\":\"pt-BR\",\"potentialAction\":[{\"@type\":\"ReadAction\",\"target\":[\"https:\\\/\\\/campobadajoz.es\\\/pt-br\\\/o-presunto-iberico-e-o-mesmo-que-o-presunto-pata-negra\\\/\"]}]},{\"@type\":\"ImageObject\",\"inLanguage\":\"pt-BR\",\"@id\":\"https:\\\/\\\/campobadajoz.es\\\/pt-br\\\/o-presunto-iberico-e-o-mesmo-que-o-presunto-pata-negra\\\/#primaryimage\",\"url\":\"https:\\\/\\\/campobadajoz.es\\\/wp-content\\\/uploads\\\/2023\\\/06\\\/jamonsuprem-novedades-001.jpg\",\"contentUrl\":\"https:\\\/\\\/campobadajoz.es\\\/wp-content\\\/uploads\\\/2023\\\/06\\\/jamonsuprem-novedades-001.jpg\",\"width\":824,\"height\":422,\"caption\":\"Jam\u00f3n Cortado a Cuchillo\"},{\"@type\":\"BreadcrumbList\",\"@id\":\"https:\\\/\\\/campobadajoz.es\\\/pt-br\\\/o-presunto-iberico-e-o-mesmo-que-o-presunto-pata-negra\\\/#breadcrumb\",\"itemListElement\":[{\"@type\":\"ListItem\",\"position\":1,\"name\":\"Portada\",\"item\":\"https:\\\/\\\/campobadajoz.es\\\/pt-br\\\/\"},{\"@type\":\"ListItem\",\"position\":2,\"name\":\"O presunto ib\u00e9rico \u00e9 o mesmo que o presunto pata negra?\"}]},{\"@type\":\"WebSite\",\"@id\":\"https:\\\/\\\/campobadajoz.es\\\/pt-br\\\/#website\",\"url\":\"https:\\\/\\\/campobadajoz.es\\\/pt-br\\\/\",\"name\":\"Campo Badajoz\",\"description\":\"Productos ib\u00e9ricos de calidad\",\"publisher\":{\"@id\":\"https:\\\/\\\/campobadajoz.es\\\/pt-br\\\/#organization\"},\"potentialAction\":[{\"@type\":\"SearchAction\",\"target\":{\"@type\":\"EntryPoint\",\"urlTemplate\":\"https:\\\/\\\/campobadajoz.es\\\/pt-br\\\/?s={search_term_string}\"},\"query-input\":{\"@type\":\"PropertyValueSpecification\",\"valueRequired\":true,\"valueName\":\"search_term_string\"}}],\"inLanguage\":\"pt-BR\"},{\"@type\":\"Organization\",\"@id\":\"https:\\\/\\\/campobadajoz.es\\\/pt-br\\\/#organization\",\"name\":\"Campo Badajoz\",\"url\":\"https:\\\/\\\/campobadajoz.es\\\/pt-br\\\/\",\"logo\":{\"@type\":\"ImageObject\",\"inLanguage\":\"pt-BR\",\"@id\":\"https:\\\/\\\/campobadajoz.es\\\/pt-br\\\/#\\\/schema\\\/logo\\\/image\\\/\",\"url\":\"https:\\\/\\\/campobadajoz.es\\\/wp-content\\\/uploads\\\/2023\\\/05\\\/logo_blanco_png-1.webp\",\"contentUrl\":\"https:\\\/\\\/campobadajoz.es\\\/wp-content\\\/uploads\\\/2023\\\/05\\\/logo_blanco_png-1.webp\",\"width\":800,\"height\":800,\"caption\":\"Campo Badajoz\"},\"image\":{\"@id\":\"https:\\\/\\\/campobadajoz.es\\\/pt-br\\\/#\\\/schema\\\/logo\\\/image\\\/\"},\"sameAs\":[\"https:\\\/\\\/www.facebook.com\\\/campobadajoz.ibericodecampo\\\/\",\"https:\\\/\\\/x.com\\\/jamonibericos\",\"https:\\\/\\\/www.linkedin.com\\\/company\\\/campo-&-badajoz\\\/about\\\/\",\"https:\\\/\\\/www.instagram.com\\\/campobadajoz\\\/\"]},{\"@type\":\"Person\",\"@id\":\"https:\\\/\\\/campobadajoz.es\\\/pt-br\\\/#\\\/schema\\\/person\\\/37c446acd9f2ba0f709e833c7a1490ef\",\"name\":\"admin\",\"image\":{\"@type\":\"ImageObject\",\"inLanguage\":\"pt-BR\",\"@id\":\"https:\\\/\\\/secure.gravatar.com\\\/avatar\\\/ada19a629247a62bceb166937da905f8fe69504f0ed4b6773688ebbb0514eb44?s=96&d=mm&r=g\",\"url\":\"https:\\\/\\\/secure.gravatar.com\\\/avatar\\\/ada19a629247a62bceb166937da905f8fe69504f0ed4b6773688ebbb0514eb44?s=96&d=mm&r=g\",\"contentUrl\":\"https:\\\/\\\/secure.gravatar.com\\\/avatar\\\/ada19a629247a62bceb166937da905f8fe69504f0ed4b6773688ebbb0514eb44?s=96&d=mm&r=g\",\"caption\":\"admin\"},\"url\":\"https:\\\/\\\/campobadajoz.es\\\/pt-br\\\/author\\\/hosting_obe2tv4t\\\/\"}]}<\/script>\n<!-- \/ Yoast SEO plugin. -->","yoast_head_json":{"title":"O presunto ib\u00e9rico \u00e9 o mesmo que o presunto pata negra? - Campo Badajoz","robots":{"index":"index","follow":"follow","max-snippet":"max-snippet:-1","max-image-preview":"max-image-preview:large","max-video-preview":"max-video-preview:-1"},"canonical":"https:\/\/campobadajoz.es\/pt-br\/o-presunto-iberico-e-o-mesmo-que-o-presunto-pata-negra\/","og_locale":"pt_BR","og_type":"article","og_title":"O presunto ib\u00e9rico \u00e9 o mesmo que o presunto pata negra? - Campo Badajoz","og_description":"Quando se fala de presunto de qualidade superior, dois termos que surgem frequentemente s\u00e3o \"jam\u00f3n ib\u00e9rico\" e \"jam\u00f3n de pata negra\". Estes nomes s\u00e3o utilizados para descrever dois tipos de presunto de primeira qualidade, mas quais s\u00e3o as verdadeiras diferen\u00e7as entre eles?","og_url":"https:\/\/campobadajoz.es\/pt-br\/o-presunto-iberico-e-o-mesmo-que-o-presunto-pata-negra\/","og_site_name":"Campo Badajoz","article_publisher":"https:\/\/www.facebook.com\/campobadajoz.ibericodecampo\/","article_published_time":"2023-06-01T14:57:08+00:00","og_image":[{"width":824,"height":422,"url":"https:\/\/campobadajoz.es\/wp-content\/uploads\/2023\/06\/jamonsuprem-novedades-001.jpg","type":"image\/jpeg"}],"author":"admin","twitter_card":"summary_large_image","twitter_creator":"@jamonibericos","twitter_site":"@jamonibericos","twitter_misc":{"Written by":"admin","Est. reading time":"2 minutos"},"schema":{"@context":"https:\/\/schema.org","@graph":[{"@type":"Article","@id":"https:\/\/campobadajoz.es\/pt-br\/o-presunto-iberico-e-o-mesmo-que-o-presunto-pata-negra\/#article","isPartOf":{"@id":"https:\/\/campobadajoz.es\/pt-br\/o-presunto-iberico-e-o-mesmo-que-o-presunto-pata-negra\/"},"author":{"name":"admin","@id":"https:\/\/campobadajoz.es\/pt-br\/#\/schema\/person\/37c446acd9f2ba0f709e833c7a1490ef"},"headline":"O presunto ib\u00e9rico \u00e9 o mesmo que o presunto pata negra?","datePublished":"2023-06-01T14:57:08+00:00","mainEntityOfPage":{"@id":"https:\/\/campobadajoz.es\/pt-br\/o-presunto-iberico-e-o-mesmo-que-o-presunto-pata-negra\/"},"wordCount":430,"publisher":{"@id":"https:\/\/campobadajoz.es\/pt-br\/#organization"},"image":{"@id":"https:\/\/campobadajoz.es\/pt-br\/o-presunto-iberico-e-o-mesmo-que-o-presunto-pata-negra\/#primaryimage"},"thumbnailUrl":"https:\/\/campobadajoz.es\/wp-content\/uploads\/2023\/06\/jamonsuprem-novedades-001.jpg","articleSection":["N\u00e3o categorizado"],"inLanguage":"pt-BR"},{"@type":"WebPage","@id":"https:\/\/campobadajoz.es\/pt-br\/o-presunto-iberico-e-o-mesmo-que-o-presunto-pata-negra\/","url":"https:\/\/campobadajoz.es\/pt-br\/o-presunto-iberico-e-o-mesmo-que-o-presunto-pata-negra\/","name":"O presunto ib\u00e9rico \u00e9 o mesmo que o presunto pata negra? - Campo Badajoz","isPartOf":{"@id":"https:\/\/campobadajoz.es\/pt-br\/#website"},"primaryImageOfPage":{"@id":"https:\/\/campobadajoz.es\/pt-br\/o-presunto-iberico-e-o-mesmo-que-o-presunto-pata-negra\/#primaryimage"},"image":{"@id":"https:\/\/campobadajoz.es\/pt-br\/o-presunto-iberico-e-o-mesmo-que-o-presunto-pata-negra\/#primaryimage"},"thumbnailUrl":"https:\/\/campobadajoz.es\/wp-content\/uploads\/2023\/06\/jamonsuprem-novedades-001.jpg","datePublished":"2023-06-01T14:57:08+00:00","breadcrumb":{"@id":"https:\/\/campobadajoz.es\/pt-br\/o-presunto-iberico-e-o-mesmo-que-o-presunto-pata-negra\/#breadcrumb"},"inLanguage":"pt-BR","potentialAction":[{"@type":"ReadAction","target":["https:\/\/campobadajoz.es\/pt-br\/o-presunto-iberico-e-o-mesmo-que-o-presunto-pata-negra\/"]}]},{"@type":"ImageObject","inLanguage":"pt-BR","@id":"https:\/\/campobadajoz.es\/pt-br\/o-presunto-iberico-e-o-mesmo-que-o-presunto-pata-negra\/#primaryimage","url":"https:\/\/campobadajoz.es\/wp-content\/uploads\/2023\/06\/jamonsuprem-novedades-001.jpg","contentUrl":"https:\/\/campobadajoz.es\/wp-content\/uploads\/2023\/06\/jamonsuprem-novedades-001.jpg","width":824,"height":422,"caption":"Jam\u00f3n Cortado a Cuchillo"},{"@type":"BreadcrumbList","@id":"https:\/\/campobadajoz.es\/pt-br\/o-presunto-iberico-e-o-mesmo-que-o-presunto-pata-negra\/#breadcrumb","itemListElement":[{"@type":"ListItem","position":1,"name":"Portada","item":"https:\/\/campobadajoz.es\/pt-br\/"},{"@type":"ListItem","position":2,"name":"O presunto ib\u00e9rico \u00e9 o mesmo que o presunto pata negra?"}]},{"@type":"WebSite","@id":"https:\/\/campobadajoz.es\/pt-br\/#website","url":"https:\/\/campobadajoz.es\/pt-br\/","name":"Campo Badajoz","description":"Productos ib\u00e9ricos de calidad","publisher":{"@id":"https:\/\/campobadajoz.es\/pt-br\/#organization"},"potentialAction":[{"@type":"SearchAction","target":{"@type":"EntryPoint","urlTemplate":"https:\/\/campobadajoz.es\/pt-br\/?s={search_term_string}"},"query-input":{"@type":"PropertyValueSpecification","valueRequired":true,"valueName":"search_term_string"}}],"inLanguage":"pt-BR"},{"@type":"Organization","@id":"https:\/\/campobadajoz.es\/pt-br\/#organization","name":"Campo Badajoz","url":"https:\/\/campobadajoz.es\/pt-br\/","logo":{"@type":"ImageObject","inLanguage":"pt-BR","@id":"https:\/\/campobadajoz.es\/pt-br\/#\/schema\/logo\/image\/","url":"https:\/\/campobadajoz.es\/wp-content\/uploads\/2023\/05\/logo_blanco_png-1.webp","contentUrl":"https:\/\/campobadajoz.es\/wp-content\/uploads\/2023\/05\/logo_blanco_png-1.webp","width":800,"height":800,"caption":"Campo Badajoz"},"image":{"@id":"https:\/\/campobadajoz.es\/pt-br\/#\/schema\/logo\/image\/"},"sameAs":["https:\/\/www.facebook.com\/campobadajoz.ibericodecampo\/","https:\/\/x.com\/jamonibericos","https:\/\/www.linkedin.com\/company\/campo-&-badajoz\/about\/","https:\/\/www.instagram.com\/campobadajoz\/"]},{"@type":"Person","@id":"https:\/\/campobadajoz.es\/pt-br\/#\/schema\/person\/37c446acd9f2ba0f709e833c7a1490ef","name":"admin","image":{"@type":"ImageObject","inLanguage":"pt-BR","@id":"https:\/\/secure.gravatar.com\/avatar\/ada19a629247a62bceb166937da905f8fe69504f0ed4b6773688ebbb0514eb44?s=96&d=mm&r=g","url":"https:\/\/secure.gravatar.com\/avatar\/ada19a629247a62bceb166937da905f8fe69504f0ed4b6773688ebbb0514eb44?s=96&d=mm&r=g","contentUrl":"https:\/\/secure.gravatar.com\/avatar\/ada19a629247a62bceb166937da905f8fe69504f0ed4b6773688ebbb0514eb44?s=96&d=mm&r=g","caption":"admin"},"url":"https:\/\/campobadajoz.es\/pt-br\/author\/hosting_obe2tv4t\/"}]}},"_links":{"self":[{"href":"https:\/\/campobadajoz.es\/pt-br\/wp-json\/wp\/v2\/posts\/2837","targetHints":{"allow":["GET"]}}],"collection":[{"href":"https:\/\/campobadajoz.es\/pt-br\/wp-json\/wp\/v2\/posts"}],"about":[{"href":"https:\/\/campobadajoz.es\/pt-br\/wp-json\/wp\/v2\/types\/post"}],"author":[{"embeddable":true,"href":"https:\/\/campobadajoz.es\/pt-br\/wp-json\/wp\/v2\/users\/1"}],"replies":[{"embeddable":true,"href":"https:\/\/campobadajoz.es\/pt-br\/wp-json\/wp\/v2\/comments?post=2837"}],"version-history":[{"count":0,"href":"https:\/\/campobadajoz.es\/pt-br\/wp-json\/wp\/v2\/posts\/2837\/revisions"}],"wp:featuredmedia":[{"embeddable":true,"href":"https:\/\/campobadajoz.es\/pt-br\/wp-json\/wp\/v2\/media\/1436"}],"wp:attachment":[{"href":"https:\/\/campobadajoz.es\/pt-br\/wp-json\/wp\/v2\/media?parent=2837"}],"wp:term":[{"taxonomy":"category","embeddable":true,"href":"https:\/\/campobadajoz.es\/pt-br\/wp-json\/wp\/v2\/categories?post=2837"},{"taxonomy":"post_tag","embeddable":true,"href":"https:\/\/campobadajoz.es\/pt-br\/wp-json\/wp\/v2\/tags?post=2837"}],"curies":[{"name":"wp","href":"https:\/\/api.w.org\/{rel}","templated":true}]}}